{"id":4061,"date":"2024-08-23T20:13:34","date_gmt":"2024-08-23T20:13:34","guid":{"rendered":"https:\/\/minutaregional.cl\/?p=4061"},"modified":"2024-08-23T20:13:34","modified_gmt":"2024-08-23T20:13:34","slug":"escolares-de-la-region-se-protegen-contra-el-virus-papiloma-humano","status":"publish","type":"post","link":"https:\/\/minutaregional.cl\/?p=4061","title":{"rendered":"Escolares de la regi\u00f3n se protegen contra el virus Papiloma Humano"},"content":{"rendered":"<ul>\n<li><strong><em>M\u00e1s de 48 mil ni\u00f1os y ni\u00f1as ser\u00e1n parte de la estrategia de vacunaci\u00f3n en el \u00e1mbito educacional. <\/em><\/strong><\/li>\n<\/ul>\n<p>Proteger a la poblaci\u00f3n en edad escolar residente en Chile, es el objetivo de la campa\u00f1a de vacunaci\u00f3n que implementa el Ministerio de Salud, en todos los establecimientos de educaci\u00f3n de la regi\u00f3n de Coquimbo.<\/p>\n<p>La estrategia contempla la vacunaci\u00f3n de escolares de colegios p\u00fablicos y privados, que cursen primero, cuarto, quinto y octavo a\u00f1o b\u00e1sico, con el objetivo de protegerlos contra enfermedades tan complejas como Difteria, T\u00e9tanos, Tos Convulsiva y las infecciones por Virus Papiloma Humano.<\/p>\n<p>En la Regi\u00f3n de Coquimbo esta estrategia ya se inici\u00f3 y se estima que m\u00e1s de 40 mil escolares sean vacunados durante este a\u00f1o. As\u00ed lo explica el Seremi de Salud (s) Tom\u00e1s Balaguer,<\/p>\n<p>\u201cEsta estrategia contempla a cerca de 48 mil ni\u00f1os y ni\u00f1as de educaci\u00f3n b\u00e1sica y tiene como objetivo la prevenci\u00f3n de enfermedades infecciosas que pueden llegar a ser grave y tambi\u00e9n en el caso del virus papiloma humano est\u00e1 en concordancia con las pol\u00edticas de prevenci\u00f3n del C\u00e1ncer \u00a0en la poblaci\u00f3n\u201d, sostuvo la Autoridad Sanitaria Regional (s).<\/p>\n<p>Para este a\u00f1o, la estrategia de vacunaci\u00f3n contra el Virus Papiloma Humano contempla la administraci\u00f3n de una vacuna nonavalente en dosis \u00fanica a \u00a0los alumnos\/as de cuarto a\u00f1o b\u00e1sico.<\/p>\n<p>\u201cA partir de este a\u00f1o estamos administrando una vacuna nueva que se llama Gardasil 9 o VPH nonavalente, que protege contra nueve cepas del Virus Papiloma Humano, y adem\u00e1s, se administra en una sola dosis. Tenemos las expectativas que ahora los ni\u00f1os\/as van a estar protegidos, del C\u00e1ncer Cervicouterino en las ni\u00f1as, y en los ni\u00f1os del C\u00e1ncer de ano y pene\u201d, se\u00f1al\u00f3 la Gerente del Programa de Inmunizaciones de la Seremi de Salud, Karen Gallardo.<\/p>\n<p>En la regi\u00f3n, durante la jornada se visit\u00f3 el colegio Saint Mary de La Serena, oportunidad donde las autoridades de salud pudieron supervisar el proceso en terreno. Al respecto, Ang\u00e9lica Garc\u00eda, Encargada de UTP del establecimiento sostuvo que \u201cEs un proceso fundamental para nosotros porque mantiene la salud de los ni\u00f1os, y todo el tiempo hemos apoyado la campa\u00f1a, y tambi\u00e9n tratamos que la comunidad educativa entienda la importancia de los procesos de vacunaci\u00f3n\u201d, explico.<\/p>\n<p><strong>\u00bfD\u00f3nde se vacuna?<\/strong><\/p>\n<p>Al respecto, Beatriz Z\u00fa\u00f1iga, enfermera encargada del Programa Nacional de Inmunizaciones del Servicio de Salud Coquimbo, explica que los equipos realizan un trabajo en el territorio visitando los establecimientos educacionales.<\/p>\n<p>\u201cLos equipos de salud se organizan y van a todos los establecimientos educacionales, ya sean p\u00fablicos o privados, pero en caso de que alg\u00fan alumno no asista al colegio, por la raz\u00f3n que sea o que los padres quieran acompa\u00f1arlos en el proceso de vacunaci\u00f3n, puede hacerlo directamente en un CESFAM, para ello debe acercarse al centro de salud en los horarios de atenci\u00f3n que son de 08:00 a 17:00 horas de lunes a jueves y de 08:00 a 16:00 horas los d\u00edas viernes. Las vacunas van a estar disponibles, durante todo este segundo semestre\u201d, se\u00f1al\u00f3 la profesional.<\/p>\n","protected":false},"excerpt":{"rendered":"<p>M\u00e1s de 48 mil ni\u00f1os y ni\u00f1as ser\u00e1n parte de la estrategia de vacunaci\u00f3n en el \u00e1mbito educacional. Proteger a la poblaci\u00f3n en edad escolar residente en Chile, es el objetivo de la campa\u00f1a de vacunaci\u00f3n que implementa el Ministerio de Salud, en todos los establecimientos de educaci\u00f3n de la<\/p>\n","protected":false},"author":1,"featured_media":4062,"comment_status":"open","ping_status":"open","sticky":false,"template":"","format":"standard","meta":{"footnotes":""},"categories":[51],"tags":[],"class_list":["post-4061","post","type-post","status-publish","format-standard","has-post-thumbnail","hentry","category-seremisalud_coquimbo"],"_links":{"self":[{"href":"https:\/\/minutaregional.cl\/index.php?rest_route=\/wp\/v2\/posts\/4061","targetHints":{"allow":["GET"]}}],"collection":[{"href":"https:\/\/minutaregional.cl\/index.php?rest_route=\/wp\/v2\/posts"}],"about":[{"href":"https:\/\/minutaregional.cl\/index.php?rest_route=\/wp\/v2\/types\/post"}],"author":[{"embeddable":true,"href":"https:\/\/minutaregional.cl\/index.php?rest_route=\/wp\/v2\/users\/1"}],"replies":[{"embeddable":true,"href":"https:\/\/minutaregional.cl\/index.php?rest_route=%2Fwp%2Fv2%2Fcomments&post=4061"}],"version-history":[{"count":1,"href":"https:\/\/minutaregional.cl\/index.php?rest_route=\/wp\/v2\/posts\/4061\/revisions"}],"predecessor-version":[{"id":4063,"href":"https:\/\/minutaregional.cl\/index.php?rest_route=\/wp\/v2\/posts\/4061\/revisions\/4063"}],"wp:featuredmedia":[{"embeddable":true,"href":"https:\/\/minutaregional.cl\/index.php?rest_route=\/wp\/v2\/media\/4062"}],"wp:attachment":[{"href":"https:\/\/minutaregional.cl\/index.php?rest_route=%2Fwp%2Fv2%2Fmedia&parent=4061"}],"wp:term":[{"taxonomy":"category","embeddable":true,"href":"https:\/\/minutaregional.cl\/index.php?rest_route=%2Fwp%2Fv2%2Fcategories&post=4061"},{"taxonomy":"post_tag","embeddable":true,"href":"https:\/\/minutaregional.cl\/index.php?rest_route=%2Fwp%2Fv2%2Ftags&post=4061"}],"curies":[{"name":"wp","href":"https:\/\/api.w.org\/{rel}","templated":true}]}}