{"id":4058,"date":"2024-08-22T13:02:47","date_gmt":"2024-08-22T13:02:47","guid":{"rendered":"https:\/\/minutaregional.cl\/?p=4058"},"modified":"2024-08-23T13:07:48","modified_gmt":"2024-08-23T13:07:48","slug":"invierten-mas-de-10-mil-millones-en-transporte-subsidiado-para-la-region-de-coquimbo","status":"publish","type":"post","link":"https:\/\/minutaregional.cl\/?p=4058","title":{"rendered":"Invierten m\u00e1s de 10 mil millones en transporte subsidiado para la Regi\u00f3n de Coquimbo"},"content":{"rendered":"<p>En la Regi\u00f3n de Coquimbo, el transporte p\u00fablico subsidiado ha sido un pilar fundamental para mejorar la calidad de vida de miles de personas que viven en zonas rurales y aisladas. Desde su implementaci\u00f3n en 2009, esta ley ha transformado la movilidad en \u00e1reas aisladas de Chile. Durante el gobierno del presidente Gabriel Boric este compromiso con la conectividad se ha fortalecido, logrando ampliar los servicios subsidiados y lograr la tarifa \u201ccero\u201d para las personas sobre 65 a\u00f1os.<\/p>\n<p><strong>\u00a0<\/strong><strong>M\u00e1s de 160 mil beneficiados en toda la regi\u00f3n<\/strong><\/p>\n<p>\u201cMediante la Ley Espejo Transantiago, nosotros tenemos servicios de zona aislada y servicios de conectividad en nuestra regi\u00f3n. Tambi\u00e9n contamos con 16 servicios de transporte escolar, lo que hace un total de 102 servicios subsidiados que benefician a alrededor de 160.000 personas en la regi\u00f3n\u201d, explica \u00c1lvaro \u00c1viles, encargado de Transporte Rural en la Seremi de Transportes de Coquimbo.<\/p>\n<p>Estos servicios no solo han cambiado la vida de muchas personas, sino que tambi\u00e9n han contemplado una inversi\u00f3n significativa por parte del gobierno. En 2023, se destinaron 1.457 millones de pesos a la ejecuci\u00f3n de los servicios de conectividad en zonas aisladas, y se proyecta un presupuesto de 1.852 millones de pesos para 2024 .<\/p>\n<p>\u00c1viles, quien lleva m\u00e1s de 15 a\u00f1os trabajando en la Seremi de Transportes, destaca la importancia social de estos servicios. \u201cEste es el coraz\u00f3n del Ministerio de Transportes. Es quien mueve a toda la ruralidad, a la gente que no tiene c\u00f3mo moverse, que no tiene c\u00f3mo traer sus quesos, sus animales, todas sus cosas para hacer intercambio o para vender en las comunas. Nosotros cumplimos una labor tan importante como esa, aparte de trasladarlos\u201d, comenta con orgullo.<\/p>\n<p>Paulina Mora, Seremi (s) de Transporte y Telecomunicaciones, tambi\u00e9n subraya la relevancia de estos servicios en el contexto actual. \u201cEl transporte p\u00fablico subsidiado es una herramienta crucial para mejorar la equidad territorial en nuestra regi\u00f3n. Bajo la administraci\u00f3n del Presidente Gabriel Boric, hemos reforzado nuestro compromiso con las comunidades rurales, asegurando que cada habitante tenga acceso a servicios de calidad y, en especial, a la gratuidad para nuestros adultos mayores\u201d, comenta Mora.<\/p>\n<p><strong>\u00a0<\/strong><strong>Transporte gratuito para las personas mayores<\/strong><\/p>\n<p><strong>\u00a0<\/strong>Adem\u00e1s del transporte para zonas aisladas, se han implementado 16 servicios de transporte escolar gratuito, beneficiando a 1.151 estudiantes de escasos recursos que pueden asistir diariamente a sus colegios gracias a este subsidio .<\/p>\n<p>La gesti\u00f3n del Presidente Gabriel Boric ha incorporado nuevos elementos a estos servicios, especialmente en beneficio de las personas mayores. \u201cEn esta administraci\u00f3n, estamos entablando la gratuidad para el adulto mayor. Todos nuestros servicios que est\u00e1n siendo renovados vienen en forma gratuita para el adulto mayor. Es un avance significativo y una muestra del compromiso que tenemos con nuestras comunidades\u201d destaca la Seremi (s), subrayando el compromiso social del actual gobierno.<\/p>\n<p>La inversi\u00f3n en la tarifa rebajada para adultos mayores en la regi\u00f3n alcanz\u00f3 2.177 millones de pesos en 2023, con un presupuesto proyectado de 2.257 millones de pesos para 2024.<\/p>\n<p><strong>La regi\u00f3n con mayor n\u00famero de servicios de conectividad en la macrozona norte<\/strong><\/p>\n<p>La regi\u00f3n de Coquimbo no solo se beneficia de estos servicios, sino que se posiciona como la regi\u00f3n con mayor cantidad de servicios subsidiados en toda la macrozona norte. \u201cEn este momento, de toda la zona norte, somos los que tenemos la mayor cantidad de servicios de conectividad y zonas aisladas\u201d, confirma Avil\u00e9s.<\/p>\n<p>Este esfuerzo, que ya lleva a\u00f1os operando, parte en el gobierno de la ex presidenta Michelle Bachelet y sigue evolucionando para adaptarse a las necesidades de la poblaci\u00f3n rural, reafirmando el compromiso del gobierno del Presidente Boric de mejorar la calidad de vida de los habitantes de las zonas m\u00e1s apartadas del pa\u00eds.<\/p>\n","protected":false},"excerpt":{"rendered":"<p>En la Regi\u00f3n de Coquimbo, el transporte p\u00fablico subsidiado ha sido un pilar fundamental para mejorar la calidad de vida de miles de personas que viven en zonas rurales y aisladas. Desde su implementaci\u00f3n en 2009, esta ley ha transformado la movilidad en \u00e1reas aisladas de Chile. Durante el gobierno<\/p>\n","protected":false},"author":1,"featured_media":4059,"comment_status":"open","ping_status":"open","sticky":false,"template":"","format":"standard","meta":{"footnotes":""},"categories":[24],"tags":[],"class_list":["post-4058","post","type-post","status-publish","format-standard","has-post-thumbnail","hentry","category-seremi-de-gobierno"],"_links":{"self":[{"href":"https:\/\/minutaregional.cl\/index.php?rest_route=\/wp\/v2\/posts\/4058","targetHints":{"allow":["GET"]}}],"collection":[{"href":"https:\/\/minutaregional.cl\/index.php?rest_route=\/wp\/v2\/posts"}],"about":[{"href":"https:\/\/minutaregional.cl\/index.php?rest_route=\/wp\/v2\/types\/post"}],"author":[{"embeddable":true,"href":"https:\/\/minutaregional.cl\/index.php?rest_route=\/wp\/v2\/users\/1"}],"replies":[{"embeddable":true,"href":"https:\/\/minutaregional.cl\/index.php?rest_route=%2Fwp%2Fv2%2Fcomments&post=4058"}],"version-history":[{"count":1,"href":"https:\/\/minutaregional.cl\/index.php?rest_route=\/wp\/v2\/posts\/4058\/revisions"}],"predecessor-version":[{"id":4060,"href":"https:\/\/minutaregional.cl\/index.php?rest_route=\/wp\/v2\/posts\/4058\/revisions\/4060"}],"wp:featuredmedia":[{"embeddable":true,"href":"https:\/\/minutaregional.cl\/index.php?rest_route=\/wp\/v2\/media\/4059"}],"wp:attachment":[{"href":"https:\/\/minutaregional.cl\/index.php?rest_route=%2Fwp%2Fv2%2Fmedia&parent=4058"}],"wp:term":[{"taxonomy":"category","embeddable":true,"href":"https:\/\/minutaregional.cl\/index.php?rest_route=%2Fwp%2Fv2%2Fcategories&post=4058"},{"taxonomy":"post_tag","embeddable":true,"href":"https:\/\/minutaregional.cl\/index.php?rest_route=%2Fwp%2Fv2%2Ftags&post=4058"}],"curies":[{"name":"wp","href":"https:\/\/api.w.org\/{rel}","templated":true}]}}