{"id":4055,"date":"2024-08-23T13:01:25","date_gmt":"2024-08-23T13:01:25","guid":{"rendered":"https:\/\/minutaregional.cl\/?p=4055"},"modified":"2024-08-23T13:01:25","modified_gmt":"2024-08-23T13:01:25","slug":"ya-esta-abierta-convocatoria-a-artistas-que-quieran-participar-del-dia-de-la-musica-2024","status":"publish","type":"post","link":"https:\/\/minutaregional.cl\/?p=4055","title":{"rendered":"Ya est\u00e1 abierta convocatoria a artistas que quieran participar del D\u00eda de la M\u00fasica 2024"},"content":{"rendered":"<ul>\n<li><strong><em>Seremi de las Culturas de la Regi\u00f3n de Coquimbo invit\u00f3 a m\u00fasicas y m\u00fasicos locales a sumarse a la convocatoria. Interesadas e interesados tienen hasta el 30 de agosto pr\u00f3ximo para postular<\/em><\/strong><\/li>\n<\/ul>\n<p>Hasta el 30 de agosto se encuentra abierta la convocatoria para solitas y agrupaciones musicales de la Regi\u00f3n de Coquimbo, para participar en la conmemoraci\u00f3n del D\u00eda de la M\u00fasica y M\u00fasicos Chilenos, que se desarrollar\u00e1 el pr\u00f3ximo mes de octubre.<\/p>\n<p>Este llamado busca la circulaci\u00f3n de contenido musical, poniendo en valor la creaci\u00f3n art\u00edstica local. Garantizando as\u00ed la visibilizaci\u00f3n y promoci\u00f3n de artistas de toda la regi\u00f3n y de los diferentes estilos musicales, para dar a conocer su trabajo y trayectoria art\u00edstica del territorio.<\/p>\n<p>El origen de la conmemoraci\u00f3n del D\u00eda de la M\u00fasica y M\u00fasicos Chilenos, radica en el natalicio de Violeta Parra, el cuatro de octubre de 1917.<\/p>\n<p>El seremi de las Culturas, las Artes y el Patrimonio de la Regi\u00f3n de Coquimbo, Cedric Steinlen invit\u00f3 a \u201cartistas que son parte de la escena musical regional a que participen de la convocatoria en el marco de la conmemoraci\u00f3n del D\u00eda de la M\u00fasica y M\u00fasicos Chilenos, que este a\u00f1o tendr\u00e1 lugar en la ciudad de La Serena, en el mes de octubre\u201d.<\/p>\n<p>El secretario regional ministerial agreg\u00f3 que \u201cinteresadas e interesados podr\u00e1n postular hasta el 30 de agosto pr\u00f3ximo\u201d.<\/p>\n<p>Ser\u00e1n tres categor\u00edas de postulaci\u00f3n: m\u00fasica popular, m\u00fasica folcl\u00f3rica y m\u00fasica docta, y el proceso de evaluaci\u00f3n estar\u00e1 a cargo de un comit\u00e9 evaluador integrado por un representante de la Seremi de las Culturas, las Artes y el Patrimonio; un representante agente cultural de la provincia del Limar\u00ed, representante agente cultural de la provincia del Choapa y un representante del Gremio Industria Musical Regi\u00f3n de Coquimbo (IMREC).<\/p>\n<p>La presente convocatoria se extender\u00e1 hasta el viernes 30 de agosto de 2023 a las 23:59 horas. Interesados e interesadas podr\u00e1n postular en el formulario web https:\/\/forms.gle\/71sZwoHYPUWXCGjr6 y solicitar m\u00e1s informaci\u00f3n sobre el proceso al correo electr\u00f3nico festivalastromusica@gmail.com.<\/p>\n","protected":false},"excerpt":{"rendered":"<p>Seremi de las Culturas de la Regi\u00f3n de Coquimbo invit\u00f3 a m\u00fasicas y m\u00fasicos locales a sumarse a la convocatoria. Interesadas e interesados tienen hasta el 30 de agosto pr\u00f3ximo para postular Hasta el 30 de agosto se encuentra abierta la convocatoria para solitas y agrupaciones musicales de la Regi\u00f3n<\/p>\n","protected":false},"author":1,"featured_media":4056,"comment_status":"open","ping_status":"open","sticky":false,"template":"","format":"standard","meta":{"footnotes":""},"categories":[16],"tags":[],"class_list":["post-4055","post","type-post","status-publish","format-standard","has-post-thumbnail","hentry","category-seremi-de-cultura"],"_links":{"self":[{"href":"https:\/\/minutaregional.cl\/index.php?rest_route=\/wp\/v2\/posts\/4055","targetHints":{"allow":["GET"]}}],"collection":[{"href":"https:\/\/minutaregional.cl\/index.php?rest_route=\/wp\/v2\/posts"}],"about":[{"href":"https:\/\/minutaregional.cl\/index.php?rest_route=\/wp\/v2\/types\/post"}],"author":[{"embeddable":true,"href":"https:\/\/minutaregional.cl\/index.php?rest_route=\/wp\/v2\/users\/1"}],"replies":[{"embeddable":true,"href":"https:\/\/minutaregional.cl\/index.php?rest_route=%2Fwp%2Fv2%2Fcomments&post=4055"}],"version-history":[{"count":1,"href":"https:\/\/minutaregional.cl\/index.php?rest_route=\/wp\/v2\/posts\/4055\/revisions"}],"predecessor-version":[{"id":4057,"href":"https:\/\/minutaregional.cl\/index.php?rest_route=\/wp\/v2\/posts\/4055\/revisions\/4057"}],"wp:featuredmedia":[{"embeddable":true,"href":"https:\/\/minutaregional.cl\/index.php?rest_route=\/wp\/v2\/media\/4056"}],"wp:attachment":[{"href":"https:\/\/minutaregional.cl\/index.php?rest_route=%2Fwp%2Fv2%2Fmedia&parent=4055"}],"wp:term":[{"taxonomy":"category","embeddable":true,"href":"https:\/\/minutaregional.cl\/index.php?rest_route=%2Fwp%2Fv2%2Fcategories&post=4055"},{"taxonomy":"post_tag","embeddable":true,"href":"https:\/\/minutaregional.cl\/index.php?rest_route=%2Fwp%2Fv2%2Ftags&post=4055"}],"curies":[{"name":"wp","href":"https:\/\/api.w.org\/{rel}","templated":true}]}}