{"id":4038,"date":"2024-08-21T19:43:38","date_gmt":"2024-08-21T19:43:38","guid":{"rendered":"https:\/\/minutaregional.cl\/?p=4038"},"modified":"2024-08-21T19:43:38","modified_gmt":"2024-08-21T19:43:38","slug":"senda-abre-concurso-para-implementar-vivienda-de-apoyo-a-la-integracion-social-en-coquimbo","status":"publish","type":"post","link":"https:\/\/minutaregional.cl\/?p=4038","title":{"rendered":"SENDA abre concurso para implementar vivienda de apoyo a la integraci\u00f3n social en Coquimbo"},"content":{"rendered":"<ul>\n<li><strong><em>El programa busca contribuir a evitar la exclusi\u00f3n social que viven las personas que han tenido consumo problem\u00e1tico de sustancias.<\/em><\/strong><\/li>\n<\/ul>\n<p>El Servicio Nacional para la Prevenci\u00f3n y Rehabilitaci\u00f3n del Consumo de Drogas y Alcohol (SENDA), requiere implementar un nuevo programa de Vivienda de Apoyo a la Integraci\u00f3n Social (VAIS) en la regi\u00f3n de Coquimbo.<\/p>\n<p>Las VAIS, se definen como una instancia habitacional transitoria, orientada a facilitar el fortalecimiento de un conjunto de habilidades personales, que permita el logro de una vida independiente y aut\u00f3noma, socialmente normalizada e integrada en su entorno familiar, laboral y social.<\/p>\n<p>La \u201cVivienda de Apoyo a la Integraci\u00f3n Social\u201d pretende abordar uno de los principales d\u00e9ficits que presentan las personas en proceso de recuperaci\u00f3n por consumo problem\u00e1tico de drogas y\/o alcohol al egresar de un programa de tratamiento, el cual es contar con un lugar seguro para vivir que les provea las condiciones y oportunidades necesarias para completar con \u00e9xito su proceso de recuperaci\u00f3n.<\/p>\n<p>Las postulaciones estar\u00e1n abiertas hasta el 26 de agosto de 2024 y las bases se pueden encontrar en la p\u00e1gina web www.senda.gob.cl<\/p>\n","protected":false},"excerpt":{"rendered":"<p>El programa busca contribuir a evitar la exclusi\u00f3n social que viven las personas que han tenido consumo problem\u00e1tico de sustancias. El Servicio Nacional para la Prevenci\u00f3n y Rehabilitaci\u00f3n del Consumo de Drogas y Alcohol (SENDA), requiere implementar un nuevo programa de Vivienda de Apoyo a la Integraci\u00f3n Social (VAIS) en<\/p>\n","protected":false},"author":1,"featured_media":4040,"comment_status":"open","ping_status":"open","sticky":false,"template":"","format":"standard","meta":{"footnotes":""},"categories":[17],"tags":[],"class_list":["post-4038","post","type-post","status-publish","format-standard","has-post-thumbnail","hentry","category-seremicoquimbo"],"_links":{"self":[{"href":"https:\/\/minutaregional.cl\/index.php?rest_route=\/wp\/v2\/posts\/4038","targetHints":{"allow":["GET"]}}],"collection":[{"href":"https:\/\/minutaregional.cl\/index.php?rest_route=\/wp\/v2\/posts"}],"about":[{"href":"https:\/\/minutaregional.cl\/index.php?rest_route=\/wp\/v2\/types\/post"}],"author":[{"embeddable":true,"href":"https:\/\/minutaregional.cl\/index.php?rest_route=\/wp\/v2\/users\/1"}],"replies":[{"embeddable":true,"href":"https:\/\/minutaregional.cl\/index.php?rest_route=%2Fwp%2Fv2%2Fcomments&post=4038"}],"version-history":[{"count":1,"href":"https:\/\/minutaregional.cl\/index.php?rest_route=\/wp\/v2\/posts\/4038\/revisions"}],"predecessor-version":[{"id":4041,"href":"https:\/\/minutaregional.cl\/index.php?rest_route=\/wp\/v2\/posts\/4038\/revisions\/4041"}],"wp:featuredmedia":[{"embeddable":true,"href":"https:\/\/minutaregional.cl\/index.php?rest_route=\/wp\/v2\/media\/4040"}],"wp:attachment":[{"href":"https:\/\/minutaregional.cl\/index.php?rest_route=%2Fwp%2Fv2%2Fmedia&parent=4038"}],"wp:term":[{"taxonomy":"category","embeddable":true,"href":"https:\/\/minutaregional.cl\/index.php?rest_route=%2Fwp%2Fv2%2Fcategories&post=4038"},{"taxonomy":"post_tag","embeddable":true,"href":"https:\/\/minutaregional.cl\/index.php?rest_route=%2Fwp%2Fv2%2Ftags&post=4038"}],"curies":[{"name":"wp","href":"https:\/\/api.w.org\/{rel}","templated":true}]}}