{"id":4031,"date":"2024-08-21T15:19:34","date_gmt":"2024-08-21T15:19:34","guid":{"rendered":"https:\/\/minutaregional.cl\/?p=4031"},"modified":"2024-08-21T15:19:34","modified_gmt":"2024-08-21T15:19:34","slug":"con-recursos-regionales-buscaran-reducir-listas-de-espera-en-la-salud-publica-regional","status":"publish","type":"post","link":"https:\/\/minutaregional.cl\/?p=4031","title":{"rendered":"Con recursos regionales buscar\u00e1n reducir listas de espera en la salud p\u00fablica regional"},"content":{"rendered":"<ul>\n<li><strong><em>Con votaci\u00f3n un\u00e1nime del CORE se aprob\u00f3 la transferencia de m\u00e1s de $4.500 millones al Servicio de Salud Coquimbo. Entre las intervenciones quir\u00fargicas abordadas a trav\u00e9s de este programa est\u00e1n v\u00e1rices; hernias abdominales; pr\u00f3tesis cadera, rodilla y de extremidad; y estimulaci\u00f3n Cerebral Profunda en Parkinson, entre otras.<\/em><\/strong><\/li>\n<\/ul>\n<p>Con un alcance cercano a los 3.500 habitantes de la Regi\u00f3n de Coquimbo, que hoy se encuentran en listas de espera en la atenci\u00f3n p\u00fablica de salud, el Consejo Regional aprob\u00f3 la transferencia de m\u00e1s de $4.500 millones con el fin de reducir en un 60% los tiempos de espera para acceder a una lista definida de intervenciones m\u00e9dicas ejecutadas por el Servicio de Salud Coquimbo.<\/p>\n<p>Inversi\u00f3n que busca responder al actual escenario, en que el personal y la infraestructura m\u00e9dica es absorbida por pacientes agudos, urgentes o prioritarios, posterg\u00e1ndose los pacientes electivos en lista de espera.<\/p>\n<p>Un trabajo que se viene desarrollando por a\u00f1os desde la comisi\u00f3n de Salud y Deportes del Consejo Regional, sobre el cual el gobernador (s) Wladimir Pleticosic, dijo que \u201cnuevamente el Gobierno Regional est\u00e1 haciendo historia, este es un segundo momento en que la voluntad pol\u00edtica est\u00e1 sobre cualquier diferencia. Hoy estamos aportando m\u00e1s de $4.500 millones para colaborar con la reducci\u00f3n de las listas de espera en patolog\u00edas no GES y para nosotros es fundamental que el Gobierno Regional pueda participar en una inversi\u00f3n tan importante, porque mantener la salud de nuestros habitantes es parte integral del desarrollo de nuestra regi\u00f3n\u201d.<\/p>\n<p>Se trata de procedimientos para intervenir v\u00e1rices, hernias abdominales; colecistectom\u00eda laparosc\u00f3pica; instalaci\u00f3n de pr\u00f3tesis de cadera, rodilla y de extremidad; procedimiento de estimulaci\u00f3n cerebral profunda en Parkinson; abdominoplast\u00eda; pterigi\u00f3n; y litiasis renal; adem\u00e1s de colonoscop\u00eda y endoscop\u00eda digestiva alta (EDA).<\/p>\n<p>Para la presidenta de la comisi\u00f3n de Salud y Deportes del CORE, Ximena Ampuero, \u201cbeneficiar a m\u00e1s de 3.500 usuarios y usuarias de nuestra regi\u00f3n que han esperado por a\u00f1os una intervenci\u00f3n quir\u00fargica, para nosotros como CORE, especialmente desde la comisi\u00f3n de Salud y Deportes, es fundamental para satisfacer estas necesidades tan b\u00e1sicas para muchos habitantes de nuestra regi\u00f3n. Esta es una importante inversi\u00f3n que va en beneficio de la calidad de vida y alegr\u00eda de muchas personas\u201d.<\/p>\n<p>El programa de reducci\u00f3n de tiempos de espera considera, inicialmente, el an\u00e1lisis de las listas de espera de la regi\u00f3n, con el fin de buscar y seleccionar los potenciales beneficiarios programa; pasando luego a la ejecuci\u00f3n de prestaciones, donde se prepara y eval\u00faa al paciente, se adquieren los insumos y se realiza la intervenci\u00f3n, dando paso a la rehabilitaci\u00f3n.<\/p>\n<p>Finalmente, el componente de post intervenci\u00f3n considera la control post quir\u00fargico y egreso desde la lista de espera.<\/p>\n<p>Sobre el impacto de este programa en el funcionamiento de la red asistencial de salud, el director (s) del Servicio de Salud Coquimbo, Gabriel Sanhueza, explic\u00f3 que \u201cesta aprobaci\u00f3n y experiencia es sumamente positiva, no solo por el hecho de poder apoyar a personas en listas de espera, sino tambi\u00e9n por la l\u00f3gica de c\u00f3mo podemos articular una pol\u00edtica p\u00fablica, tanto desde el Servicio de Salud como proveedor de servicios, como desde la perspectiva de las y los consejeros regionales, con la mirada territorial que tienen. Eso es in\u00e9dito, son pocas las iniciativas que se han dado a nivel nacional de esta envergadura\u201d.<\/p>\n","protected":false},"excerpt":{"rendered":"<p>Con votaci\u00f3n un\u00e1nime del CORE se aprob\u00f3 la transferencia de m\u00e1s de $4.500 millones al Servicio de Salud Coquimbo. Entre las intervenciones quir\u00fargicas abordadas a trav\u00e9s de este programa est\u00e1n v\u00e1rices; hernias abdominales; pr\u00f3tesis cadera, rodilla y de extremidad; y estimulaci\u00f3n Cerebral Profunda en Parkinson, entre otras. Con un alcance<\/p>\n","protected":false},"author":1,"featured_media":4032,"comment_status":"open","ping_status":"open","sticky":false,"template":"","format":"standard","meta":{"footnotes":""},"categories":[7],"tags":[],"class_list":["post-4031","post","type-post","status-publish","format-standard","has-post-thumbnail","hentry","category-serviciospublicos"],"_links":{"self":[{"href":"https:\/\/minutaregional.cl\/index.php?rest_route=\/wp\/v2\/posts\/4031","targetHints":{"allow":["GET"]}}],"collection":[{"href":"https:\/\/minutaregional.cl\/index.php?rest_route=\/wp\/v2\/posts"}],"about":[{"href":"https:\/\/minutaregional.cl\/index.php?rest_route=\/wp\/v2\/types\/post"}],"author":[{"embeddable":true,"href":"https:\/\/minutaregional.cl\/index.php?rest_route=\/wp\/v2\/users\/1"}],"replies":[{"embeddable":true,"href":"https:\/\/minutaregional.cl\/index.php?rest_route=%2Fwp%2Fv2%2Fcomments&post=4031"}],"version-history":[{"count":1,"href":"https:\/\/minutaregional.cl\/index.php?rest_route=\/wp\/v2\/posts\/4031\/revisions"}],"predecessor-version":[{"id":4034,"href":"https:\/\/minutaregional.cl\/index.php?rest_route=\/wp\/v2\/posts\/4031\/revisions\/4034"}],"wp:featuredmedia":[{"embeddable":true,"href":"https:\/\/minutaregional.cl\/index.php?rest_route=\/wp\/v2\/media\/4032"}],"wp:attachment":[{"href":"https:\/\/minutaregional.cl\/index.php?rest_route=%2Fwp%2Fv2%2Fmedia&parent=4031"}],"wp:term":[{"taxonomy":"category","embeddable":true,"href":"https:\/\/minutaregional.cl\/index.php?rest_route=%2Fwp%2Fv2%2Fcategories&post=4031"},{"taxonomy":"post_tag","embeddable":true,"href":"https:\/\/minutaregional.cl\/index.php?rest_route=%2Fwp%2Fv2%2Ftags&post=4031"}],"curies":[{"name":"wp","href":"https:\/\/api.w.org\/{rel}","templated":true}]}}