{"id":4019,"date":"2024-08-19T19:43:15","date_gmt":"2024-08-19T19:43:15","guid":{"rendered":"https:\/\/minutaregional.cl\/?p=4019"},"modified":"2024-08-19T19:43:15","modified_gmt":"2024-08-19T19:43:15","slug":"ley-de-subsidio-al-transporte-publico-mejorando-la-calidad-de-vida-en-zonas-rurales","status":"publish","type":"post","link":"https:\/\/minutaregional.cl\/?p=4019","title":{"rendered":"Ley de Subsidio al Transporte P\u00fablico: Mejorando la Calidad de Vida en Zonas Rurales"},"content":{"rendered":"<p>Desde la puesta en marcha de la Ley de Subsidio al Transporte P\u00fablico en 2009, hemos sido testigos de c\u00f3mo las distancias se han acortado y las oportunidades se han multiplicado en las zonas m\u00e1s aisladas de nuestro querido Chile. Esta ley, que marc\u00f3 un antes y un despu\u00e9s en la movilidad rural, ha permitido mejorar la calidad de vida de millones de compatriotas, llevando a cada rinc\u00f3n del pa\u00eds no solo la posibilidad de viajar, sino tambi\u00e9n la esperanza de un futuro mejor. Gracias a la asignaci\u00f3n directa de recursos al Ministerio de Transportes y Telecomunicaciones, hemos logrado iniciativas tan significativas como la rebaja de tarifas, la implementaci\u00f3n de transporte escolar gratuito, la renovaci\u00f3n de buses y la construcci\u00f3n de nueva infraestructura que facilita la conexi\u00f3n entre comunidades.<\/p>\n<p>Hace algunos d\u00edas, nuestro Gobierno anunci\u00f3 con orgullo la aprobaci\u00f3n de la nueva Ley de Subsidio al Transporte P\u00fablico, una normativa clave que promete transformar la movilidad del pa\u00eds. Con esta medida, el gobierno del Presidente Gabriel Boric Font, reafirma su compromiso con el desarrollo equitativo del transporte p\u00fablico en todo el pa\u00eds. Esta ley asigna mayores recursos al Ministerio de Transportes y Telecomunicaciones (MTT) y al Gobierno Regional para, entre otras cosas, crear nuevos proyectos de transporte en \u00e1reas sin servicios subsidiados y reforzar la conectividad en localidades con servicios existentes que requieran mejoras.<\/p>\n<p>En la Regi\u00f3n de Coquimbo, contamos con 102 servicios de transporte p\u00fablico subsidiado. Estos servicios han cambiado la vida de m\u00e1s de 160 mil personas que habitan en zonas rurales y apartadas, lugares donde antes no hab\u00eda m\u00e1s opci\u00f3n que depender de tarifas abusivas de transporte informal. Hoy, esos mismos lugares est\u00e1n conectados, y con ello, hemos abierto una puerta a nuevas oportunidades de desarrollo y crecimiento. Imaginen a esos vecinos que, antes de que el sol siquiera despunte, inician su viaje en buses que recorren hasta 105 kil\u00f3metros, conect\u00e1ndolos con la ciudad. Cada trayecto es un acto de compromiso, monitoreado con cari\u00f1o y responsabilidad por don \u00c1lvaro Avil\u00e9s, Encargado de Transporte Rural del Ministerio de Transportes y Telecomunicaciones, asegurando que cada persona llegue a su destino a tiempo, con la tranquilidad de contar con un servicio confiable.<\/p>\n<p>Este esfuerzo no es solo una cuesti\u00f3n de transporte; es una cuesti\u00f3n de dignidad. Gracias a estos servicios, nuestros vecinos y vecinas de zonas rurales pueden ahora vender sus productos y con ello, desarrollar su econom\u00eda; abastecerse, cuidar de sus animales, y sobre todo, regresar cada d\u00eda a sus hogares. Para las y los estudiantes y sus familias, el transporte escolar significa m\u00e1s que un viaje; es la posibilidad de aprender, de crecer y de regresar a sus hogares junto a sus seres queridos luego de la jornada escolar.<\/p>\n<p>Como Gobierno, nos enorgullece decir que estos servicios no solo se han mantenido, sino que se han fortalecido y renovado con un profundo sentido de justicia social y compromiso con quienes m\u00e1s lo necesitan. En la administraci\u00f3n del Presidente Gabriel Boric, hemos dado un paso m\u00e1s all\u00e1, y con profundo orgullo, podemos decir que cada servicio renovado lleva un sello de gratuidad para las personas mayores. No es solo un gesto, es un mensaje claro: este Gobierno est\u00e1 con ustedes, con quienes han construido este pa\u00eds con su trabajo y su esfuerzo. Para ellos, el viaje es gratuito, porque su aporte a nuestras comunidades no tiene precio.<\/p>\n<p>Este es el camino que hemos elegido, un camino de justicia, de igualdad, de oportunidades para todos y todas. Porque creemos en un Chile donde cada persona, sin importar d\u00f3nde vivan, puedan tener acceso a los mismos derechos y las mismas oportunidades. Desde el Gobierno del Presidente Boric, y con el compromiso del Ministerio de Transporte y Telecomunicaciones, seguiremos trabajando incansablemente para mejorar la calidad de vida de cada habitante de nuestra regi\u00f3n, de nuestro pa\u00eds.<\/p>\n<p><strong>Paulina Mora Lara, Seremi de Gobierno<\/strong><\/p>\n","protected":false},"excerpt":{"rendered":"<p>Desde la puesta en marcha de la Ley de Subsidio al Transporte P\u00fablico en 2009, hemos sido testigos de c\u00f3mo las distancias se han acortado y las oportunidades se han multiplicado en las zonas m\u00e1s aisladas de nuestro querido Chile. Esta ley, que marc\u00f3 un antes y un despu\u00e9s en<\/p>\n","protected":false},"author":1,"featured_media":4020,"comment_status":"open","ping_status":"open","sticky":false,"template":"","format":"standard","meta":{"footnotes":""},"categories":[24],"tags":[],"class_list":["post-4019","post","type-post","status-publish","format-standard","has-post-thumbnail","hentry","category-seremi-de-gobierno"],"_links":{"self":[{"href":"https:\/\/minutaregional.cl\/index.php?rest_route=\/wp\/v2\/posts\/4019","targetHints":{"allow":["GET"]}}],"collection":[{"href":"https:\/\/minutaregional.cl\/index.php?rest_route=\/wp\/v2\/posts"}],"about":[{"href":"https:\/\/minutaregional.cl\/index.php?rest_route=\/wp\/v2\/types\/post"}],"author":[{"embeddable":true,"href":"https:\/\/minutaregional.cl\/index.php?rest_route=\/wp\/v2\/users\/1"}],"replies":[{"embeddable":true,"href":"https:\/\/minutaregional.cl\/index.php?rest_route=%2Fwp%2Fv2%2Fcomments&post=4019"}],"version-history":[{"count":1,"href":"https:\/\/minutaregional.cl\/index.php?rest_route=\/wp\/v2\/posts\/4019\/revisions"}],"predecessor-version":[{"id":4021,"href":"https:\/\/minutaregional.cl\/index.php?rest_route=\/wp\/v2\/posts\/4019\/revisions\/4021"}],"wp:featuredmedia":[{"embeddable":true,"href":"https:\/\/minutaregional.cl\/index.php?rest_route=\/wp\/v2\/media\/4020"}],"wp:attachment":[{"href":"https:\/\/minutaregional.cl\/index.php?rest_route=%2Fwp%2Fv2%2Fmedia&parent=4019"}],"wp:term":[{"taxonomy":"category","embeddable":true,"href":"https:\/\/minutaregional.cl\/index.php?rest_route=%2Fwp%2Fv2%2Fcategories&post=4019"},{"taxonomy":"post_tag","embeddable":true,"href":"https:\/\/minutaregional.cl\/index.php?rest_route=%2Fwp%2Fv2%2Ftags&post=4019"}],"curies":[{"name":"wp","href":"https:\/\/api.w.org\/{rel}","templated":true}]}}