{"id":3994,"date":"2024-08-14T21:46:17","date_gmt":"2024-08-14T21:46:17","guid":{"rendered":"https:\/\/minutaregional.cl\/?p=3994"},"modified":"2024-08-14T21:46:17","modified_gmt":"2024-08-14T21:46:17","slug":"mas-de-300-lideres-locales-participan-en-actividades-de-capacitacion-por-mes-de-la-dirigencia-social-y-comunitaria","status":"publish","type":"post","link":"https:\/\/minutaregional.cl\/?p=3994","title":{"rendered":"M\u00e1s de 300 l\u00edderes locales participan en actividades de capacitaci\u00f3n por mes de la Dirigencia Social y Comunitaria"},"content":{"rendered":"<ul>\n<li><strong><em>Escuelas de Formaci\u00f3n Social y Di\u00e1logos Ciudadanos son parte de las acciones que ha desarrollado el gobierno para aportar al fortalecimiento de la sociedad civil organizada.<\/em><\/strong><\/li>\n<\/ul>\n<p>Cada 7 de agosto se celebra el D\u00eda de la Dirigencia Social y Comunitaria, una oportunidad que tom\u00f3 la Seremi de Gobierno para promover la realizaci\u00f3n de actividades que contribuyan al desarrollo de nuestros l\u00edderes locales y, donde, ya han participado m\u00e1s de 300 dirigentes y dirigentas de la Regi\u00f3n de Coquimbo.<\/p>\n<p>As\u00ed lo dio a conocer, la vocera regional, Paulina Mora, quien destac\u00f3 el aporte de estos servidores p\u00fablicos al progreso de los territorios y al bienestar de vecinas y vecinos.<\/p>\n<p>\u201cEn este mes de las dirigencias nos hemos propuesto celebrarlos con una serie de actividades para aportar a su desarrollo y, tambi\u00e9n, entregarles un reconocimiento por su gran compromiso con sus comunidades. Como Gobierno queremos fortalecer la cohesi\u00f3n social, la participaci\u00f3n activa de los ciudadanos y sabemos que d\u00e1ndoles herramientas a nuestros dirigentes y dirigentas podemos hacerlo. Asimismo, quiero agradecer la buena disposici\u00f3n y el trabajo mancomunado que hemos estado realizando en la regi\u00f3n\u201d, precis\u00f3 la Seremi Paulina Mora.<\/p>\n<p>Dentro de las actividades que se han ejecutado en La Serena, Ovalle, Punitaqui y Monte Patria est\u00e1n las Escuelas de Formaci\u00f3n Social, donde se pudo abordar el enfoque de g\u00e9nero y, tambi\u00e9n, se realizaron capacitaciones sobre herramientas para el liderazgo social. Adem\u00e1s, se convers\u00f3 sobre las m\u00e1s de 600 medidas que ha implementado el gobierno a trav\u00e9s del di\u00e1logo participativo Chile Avanzando.<\/p>\n<p>Al respecto, Ana Herrera, presidenta de la Uni\u00f3n Comunal de Junta de Vecinos de Monte Patria, destac\u00f3 la oportunidad de capacitaci\u00f3n y el reconocimiento al trabajo de los dirigentes sociales.<\/p>\n<p>\u201cEstamos muy agradecidos de que ustedes vengan desde La Serena a darnos las capacitaciones. Nosotros hacemos un trabajo voluntario, pero, tambi\u00e9n, necesitamos capacitaci\u00f3n para entender un poco m\u00e1s los temas y los cambios que hay dentro de las sociedades y c\u00f3mo nosotros vamos aportando a esas transformaciones como dirigentes.\u201d, explic\u00f3 la dirigenta montepatrina.<\/p>\n<p>La visi\u00f3n de Herrera es compartida por Claudio Araya D\u00edaz, dirigente de los crianceros de Las Ramadas de Tulahu\u00e9n. \u201cA m\u00ed me pareci\u00f3 espectacular, porque todo lo que se entreg\u00f3 como informaci\u00f3n es buena para todo, nos sirvi\u00f3 harto. Hay cosas que son nuevas, algunas que se repitieron, pero eso est\u00e1 bien, porque, obviamente, hace fortalecer lo que nosotros estamos haciendo como dirigentes\u201d, manifest\u00f3.<\/p>\n<p>Las actividades desarrolladas, en el marco del Mes de la Dirigencia Social y Comunitaria, reafirman el compromiso del Gobierno con la promoci\u00f3n de la participaci\u00f3n ciudadana y el fortalecimiento de las organizaciones sociales, pilares fundamentales para el desarrollo de un pa\u00eds m\u00e1s justo e inclusivo.<\/p>\n","protected":false},"excerpt":{"rendered":"<p>Escuelas de Formaci\u00f3n Social y Di\u00e1logos Ciudadanos son parte de las acciones que ha desarrollado el gobierno para aportar al fortalecimiento de la sociedad civil organizada. Cada 7 de agosto se celebra el D\u00eda de la Dirigencia Social y Comunitaria, una oportunidad que tom\u00f3 la Seremi de Gobierno para promover<\/p>\n","protected":false},"author":1,"featured_media":3995,"comment_status":"open","ping_status":"open","sticky":false,"template":"","format":"standard","meta":{"footnotes":""},"categories":[24],"tags":[],"class_list":["post-3994","post","type-post","status-publish","format-standard","has-post-thumbnail","hentry","category-seremi-de-gobierno"],"_links":{"self":[{"href":"https:\/\/minutaregional.cl\/index.php?rest_route=\/wp\/v2\/posts\/3994","targetHints":{"allow":["GET"]}}],"collection":[{"href":"https:\/\/minutaregional.cl\/index.php?rest_route=\/wp\/v2\/posts"}],"about":[{"href":"https:\/\/minutaregional.cl\/index.php?rest_route=\/wp\/v2\/types\/post"}],"author":[{"embeddable":true,"href":"https:\/\/minutaregional.cl\/index.php?rest_route=\/wp\/v2\/users\/1"}],"replies":[{"embeddable":true,"href":"https:\/\/minutaregional.cl\/index.php?rest_route=%2Fwp%2Fv2%2Fcomments&post=3994"}],"version-history":[{"count":1,"href":"https:\/\/minutaregional.cl\/index.php?rest_route=\/wp\/v2\/posts\/3994\/revisions"}],"predecessor-version":[{"id":3996,"href":"https:\/\/minutaregional.cl\/index.php?rest_route=\/wp\/v2\/posts\/3994\/revisions\/3996"}],"wp:featuredmedia":[{"embeddable":true,"href":"https:\/\/minutaregional.cl\/index.php?rest_route=\/wp\/v2\/media\/3995"}],"wp:attachment":[{"href":"https:\/\/minutaregional.cl\/index.php?rest_route=%2Fwp%2Fv2%2Fmedia&parent=3994"}],"wp:term":[{"taxonomy":"category","embeddable":true,"href":"https:\/\/minutaregional.cl\/index.php?rest_route=%2Fwp%2Fv2%2Fcategories&post=3994"},{"taxonomy":"post_tag","embeddable":true,"href":"https:\/\/minutaregional.cl\/index.php?rest_route=%2Fwp%2Fv2%2Ftags&post=3994"}],"curies":[{"name":"wp","href":"https:\/\/api.w.org\/{rel}","templated":true}]}}