{"id":3976,"date":"2024-08-14T13:02:52","date_gmt":"2024-08-14T13:02:52","guid":{"rendered":"https:\/\/minutaregional.cl\/?p=3976"},"modified":"2024-08-14T13:02:52","modified_gmt":"2024-08-14T13:02:52","slug":"presidente-boric-nombra-a-nuevo-director-ejecutivo-del-slep-elqui","status":"publish","type":"post","link":"https:\/\/minutaregional.cl\/?p=3976","title":{"rendered":"Presidente Boric nombra a nuevo director ejecutivo del SLEP Elqui"},"content":{"rendered":"<p>El Presidente de la Rep\u00fablica, Gabriel Boric Font, nombr\u00f3 al profesor\u00a0<strong>Pedro Esparza Olivares<\/strong>\u00a0como director ejecutivo del nuevo Servicio Local de Educaci\u00f3n P\u00fablica (SLEP) Elqui, luego de haberse realizado el respectivo concurso de Alta Direcci\u00f3n P\u00fablica.<\/p>\n<p>Esparza es profesor de Estado en Historia y Geograf\u00eda de la Universidad de La Serena y mag\u00edster en Planificaci\u00f3n y Gesti\u00f3n Educacional de la Universidad Diego Portales.<\/p>\n<p>El profesional cuenta con una vasta experiencia en cargos directivos del \u00e1mbito educacional en la regi\u00f3n. Entre 2008 y 2013 se desempe\u00f1\u00f3 como jefe del Departamento de Educaci\u00f3n de la Municipalidad de Illapel, y en 2014 fue nombrado secretario regional ministerial de Educaci\u00f3n en la Regi\u00f3n de Coquimbo, cargo en el que permaneci\u00f3 hasta 2018.<\/p>\n<p>Entre 2018 y 2019 ejerci\u00f3 como jefe DAEM de la Municipalidad de Los Vilos y entre los a\u00f1os 2020 y 2022 trabaj\u00f3 como encargado de Articulaci\u00f3n en el Centro de Formaci\u00f3n T\u00e9cnica regional. Desde 2022 a la fecha se desempe\u00f1\u00f3 como director del Colegio Edmundo Vidal de Vicu\u00f1a.<\/p>\n<p><strong>Proceso de selecci\u00f3n<\/strong><\/p>\n<p>Este proceso de selecci\u00f3n se inici\u00f3 en enero de este a\u00f1o, recibi\u00e9ndose 279 postulaciones. Tras las evaluaciones correspondientes, en junio, el Consejo de Alta Direcci\u00f3n P\u00fablica entrevist\u00f3 a 11 postulantes que llegaron a la etapa final, enviando una n\u00f3mina al Comit\u00e9 Directivo Local del SLEP para que definiera la terna final que se remiti\u00f3 al Mandatario quien efectu\u00f3 el nombramiento.<\/p>\n<p>El nuevo\u00a0<a href=\"https:\/\/slepelqui.gob.cl\/\">SLEP Elqui<\/a>\u00a0est\u00e1 a cargo de la administraci\u00f3n de los jardines, escuelas y liceos p\u00fablicos de La Serena, La Higuera, Paihuano y Vicu\u00f1a. El SLEP entr\u00f3 en funcionamiento en 2023 y recibir\u00e1 a sus establecimientos el pr\u00f3ximo a\u00f1o.<\/p>\n<p>Fortalecimiento de la educaci\u00f3n p\u00fablica<\/p>\n<p>Actualmente se est\u00e1 tramitando en el Congreso\u00a0<a href=\"https:\/\/www.mineduc.cl\/proyecto-de-ley-fortalece-la-instalacion-del-sistema-de-educacion-publica\/\">un proyecto de ley<\/a>, presentado por el Mineduc, que fortalece el proceso de instalaci\u00f3n y administraci\u00f3n del Sistema de Educaci\u00f3n P\u00fablica y sus Servicios Locales de Educaci\u00f3n P\u00fablica (SLEP), que es parte de los compromisos del Gobierno en materia educativa.<\/p>\n<p>El proyecto busca mejorar el traspaso de establecimientos a los SLEP; desarrollar capacidades administrativas, financieras y pedag\u00f3gicas en estos servicios; potenciar su vinculaci\u00f3n con las comunidades; entregarle nuevas atribuciones a la\u00a0<a href=\"https:\/\/educacionpublica.gob.cl\/\">Direcci\u00f3n de Educaci\u00f3n P\u00fablica (DEP)<\/a>; mejorar el acompa\u00f1amiento; y reconocer el estatus de pol\u00edtica de Estado al Sistema de Educaci\u00f3n P\u00fablica.<\/p>\n","protected":false},"excerpt":{"rendered":"<p>El Presidente de la Rep\u00fablica, Gabriel Boric Font, nombr\u00f3 al profesor\u00a0Pedro Esparza Olivares\u00a0como director ejecutivo del nuevo Servicio Local de Educaci\u00f3n P\u00fablica (SLEP) Elqui, luego de haberse realizado el respectivo concurso de Alta Direcci\u00f3n P\u00fablica. Esparza es profesor de Estado en Historia y Geograf\u00eda de la Universidad de La Serena<\/p>\n","protected":false},"author":1,"featured_media":3977,"comment_status":"open","ping_status":"open","sticky":false,"template":"","format":"standard","meta":{"footnotes":""},"categories":[7],"tags":[],"class_list":["post-3976","post","type-post","status-publish","format-standard","has-post-thumbnail","hentry","category-serviciospublicos"],"_links":{"self":[{"href":"https:\/\/minutaregional.cl\/index.php?rest_route=\/wp\/v2\/posts\/3976","targetHints":{"allow":["GET"]}}],"collection":[{"href":"https:\/\/minutaregional.cl\/index.php?rest_route=\/wp\/v2\/posts"}],"about":[{"href":"https:\/\/minutaregional.cl\/index.php?rest_route=\/wp\/v2\/types\/post"}],"author":[{"embeddable":true,"href":"https:\/\/minutaregional.cl\/index.php?rest_route=\/wp\/v2\/users\/1"}],"replies":[{"embeddable":true,"href":"https:\/\/minutaregional.cl\/index.php?rest_route=%2Fwp%2Fv2%2Fcomments&post=3976"}],"version-history":[{"count":1,"href":"https:\/\/minutaregional.cl\/index.php?rest_route=\/wp\/v2\/posts\/3976\/revisions"}],"predecessor-version":[{"id":3978,"href":"https:\/\/minutaregional.cl\/index.php?rest_route=\/wp\/v2\/posts\/3976\/revisions\/3978"}],"wp:featuredmedia":[{"embeddable":true,"href":"https:\/\/minutaregional.cl\/index.php?rest_route=\/wp\/v2\/media\/3977"}],"wp:attachment":[{"href":"https:\/\/minutaregional.cl\/index.php?rest_route=%2Fwp%2Fv2%2Fmedia&parent=3976"}],"wp:term":[{"taxonomy":"category","embeddable":true,"href":"https:\/\/minutaregional.cl\/index.php?rest_route=%2Fwp%2Fv2%2Fcategories&post=3976"},{"taxonomy":"post_tag","embeddable":true,"href":"https:\/\/minutaregional.cl\/index.php?rest_route=%2Fwp%2Fv2%2Ftags&post=3976"}],"curies":[{"name":"wp","href":"https:\/\/api.w.org\/{rel}","templated":true}]}}