{"id":3972,"date":"2024-08-13T18:04:09","date_gmt":"2024-08-13T18:04:09","guid":{"rendered":"https:\/\/minutaregional.cl\/?p=3972"},"modified":"2024-08-13T18:04:09","modified_gmt":"2024-08-13T18:04:09","slug":"con-taller-para-la-prevencion-de-la-violencia-en-el-pololeo-conmemoran-dia-internacional-de-la-juventud","status":"publish","type":"post","link":"https:\/\/minutaregional.cl\/?p=3972","title":{"rendered":"Con taller para la Prevenci\u00f3n de la Violencia en el Pololeo conmemoran D\u00eda Internacional de la Juventud"},"content":{"rendered":"<ul>\n<li><strong><em>La instancia desarrollada en el centro de cumplimiento IP-IRC La Serena entreg\u00f3 herramientas a menores de edad que han infringido la ley para construir relaciones basadas en el respeto y la igualdad.<\/em><\/strong><\/li>\n<\/ul>\n<p>Conscientes de la importancia de educar a los j\u00f3venes infractores de ley, se llev\u00f3 a cabo un significativo taller sobre la Prevenci\u00f3n de la Violencia en el Pololeo, organizado por el Servicio de Reinserci\u00f3n Social Juvenil (SRJ) en el marco de la celebraci\u00f3n del D\u00eda Internacional de la Juventud.<\/p>\n<p>La actividad fue dictada por un profesional del Servicio de la Mujer y Equidad de G\u00e9nero (SernamEG) de Coquimbo y estuvo especialmente dirigida a j\u00f3venes infractores de ley del IP-IRC de La Serena, brind\u00e1ndoles un espacio seguro para reflexionar sobre los desaf\u00edos que enfrentan y c\u00f3mo pueden contribuir a un futuro m\u00e1s seguro para ellos y sus relaciones basadas en el respeto y la igualdad.<\/p>\n<p><strong>\u201cEl pololeo es una etapa maravillosa en la vida de muchos j\u00f3venes, pero tambi\u00e9n es un momento crucial para aprender a identificar y prevenir cualquier forma de violencia en las relaciones. Agradecemos la colaboraci\u00f3n de SernamEG y al Servicio de Reinserci\u00f3n Social por la instancia de educar a los j\u00f3venes en materia de relaciones personales\u201d<\/strong>, indic\u00f3 la seremi de Justicia y Derechos Humanos, Mar\u00eda Jos\u00e9 Rojas.<\/p>\n<p>Para Loreto Rebolledo, directora regional del Servicio de Reinserci\u00f3n Social Juvenil, esta instancia fue gracias al trabajo colaborativo con SernamEG, <strong>\u201carticular el trabajo intersectorial es uno de los desaf\u00edos que tiene el servicio, poniendo siempre al centro a los y las j\u00f3venes que se encuentran cumpliendo alguna medida o sanci\u00f3n. De esta manera el taller que vivimos los reconoce como personas y nuestra tarea es incidir en sus trayectorias de vidas, acompa\u00f1\u00e1ndolos en el desarrollo de conductas prosociales contribuyendo en sus procesos de reinserci\u00f3n social\u201d<\/strong> se\u00f1al\u00f3.<\/p>\n<p>&nbsp;<\/p>\n","protected":false},"excerpt":{"rendered":"<p>La instancia desarrollada en el centro de cumplimiento IP-IRC La Serena entreg\u00f3 herramientas a menores de edad que han infringido la ley para construir relaciones basadas en el respeto y la igualdad. Conscientes de la importancia de educar a los j\u00f3venes infractores de ley, se llev\u00f3 a cabo un significativo<\/p>\n","protected":false},"author":1,"featured_media":3973,"comment_status":"open","ping_status":"open","sticky":false,"template":"","format":"standard","meta":{"footnotes":""},"categories":[7],"tags":[],"class_list":["post-3972","post","type-post","status-publish","format-standard","has-post-thumbnail","hentry","category-serviciospublicos"],"_links":{"self":[{"href":"https:\/\/minutaregional.cl\/index.php?rest_route=\/wp\/v2\/posts\/3972","targetHints":{"allow":["GET"]}}],"collection":[{"href":"https:\/\/minutaregional.cl\/index.php?rest_route=\/wp\/v2\/posts"}],"about":[{"href":"https:\/\/minutaregional.cl\/index.php?rest_route=\/wp\/v2\/types\/post"}],"author":[{"embeddable":true,"href":"https:\/\/minutaregional.cl\/index.php?rest_route=\/wp\/v2\/users\/1"}],"replies":[{"embeddable":true,"href":"https:\/\/minutaregional.cl\/index.php?rest_route=%2Fwp%2Fv2%2Fcomments&post=3972"}],"version-history":[{"count":1,"href":"https:\/\/minutaregional.cl\/index.php?rest_route=\/wp\/v2\/posts\/3972\/revisions"}],"predecessor-version":[{"id":3974,"href":"https:\/\/minutaregional.cl\/index.php?rest_route=\/wp\/v2\/posts\/3972\/revisions\/3974"}],"wp:featuredmedia":[{"embeddable":true,"href":"https:\/\/minutaregional.cl\/index.php?rest_route=\/wp\/v2\/media\/3973"}],"wp:attachment":[{"href":"https:\/\/minutaregional.cl\/index.php?rest_route=%2Fwp%2Fv2%2Fmedia&parent=3972"}],"wp:term":[{"taxonomy":"category","embeddable":true,"href":"https:\/\/minutaregional.cl\/index.php?rest_route=%2Fwp%2Fv2%2Fcategories&post=3972"},{"taxonomy":"post_tag","embeddable":true,"href":"https:\/\/minutaregional.cl\/index.php?rest_route=%2Fwp%2Fv2%2Ftags&post=3972"}],"curies":[{"name":"wp","href":"https:\/\/api.w.org\/{rel}","templated":true}]}}