{"id":3966,"date":"2024-08-12T18:10:32","date_gmt":"2024-08-12T18:10:32","guid":{"rendered":"https:\/\/minutaregional.cl\/?p=3966"},"modified":"2024-08-12T18:10:32","modified_gmt":"2024-08-12T18:10:32","slug":"senda-abre-licitacion-para-programas-de-tratamiento-para-poblacion-general-y-adolescentes-con-infraccion-de-ley","status":"publish","type":"post","link":"https:\/\/minutaregional.cl\/?p=3966","title":{"rendered":"SENDA abre licitaci\u00f3n para programas de tratamiento para poblaci\u00f3n general y adolescentes con infracci\u00f3n de ley"},"content":{"rendered":"<ul>\n<li><strong><em>Proceso de postulaci\u00f3n se extender\u00e1 hasta las 15:00 horas del 2 de septiembre de 2024 a trav\u00e9s del portal de Mercado P\u00fablico.<\/em><\/strong><\/li>\n<\/ul>\n<p>El Servicio Nacional para la Prevenci\u00f3n y Rehabilitaci\u00f3n del Consumo de Drogas y Alcohol (SENDA) abri\u00f3 la convocatoria al proceso de licitaci\u00f3n p\u00fablica para dos de sus principales programas de tratamiento del consumo de alcohol y otras drogas.<\/p>\n<p>La primera licitaci\u00f3n corresponde al programa de Poblaci\u00f3n General y Espec\u00edfico de Mujeres, que brinda atenci\u00f3n gratuita a poblaci\u00f3n mayor de 18 a\u00f1os afiliada a FONASA en modalidades residencial o ambulatoria. Adem\u00e1s, cuenta con una oferta espec\u00edfica con perspectiva de g\u00e9nero.<\/p>\n<p>La segunda licitaci\u00f3n corresponde a planes para adolescentes y j\u00f3venes con infracci\u00f3n de ley, que brinda atenci\u00f3n a quienes se les haya impuesto una sanci\u00f3n o medida bajo la Ley 20.084 de Responsabilidad Penal Adolescente.<\/p>\n<p>Para ambas convocatorias, se puede acceder a trav\u00e9s del portal de Mercado P\u00fablico (<a href=\"http:\/\/www.mercadopublico.cl\">www.mercadopublico.cl<\/a>), con los siguientes identificadores:<\/p>\n<ul>\n<li><strong>Poblaci\u00f3n General y Espec\u00edfica de Mujeres:<\/strong> 662237-26-LR24<\/li>\n<li><strong>Adolescentes y J\u00f3venes con Infracci\u00f3n de Ley:<\/strong> 662237-27-LR24<\/li>\n<\/ul>\n<p>Finalmente, el proceso de postulaci\u00f3n se extender\u00e1 hasta las 15:00 horas del 2 de septiembre de 2024.<\/p>\n","protected":false},"excerpt":{"rendered":"<p>Proceso de postulaci\u00f3n se extender\u00e1 hasta las 15:00 horas del 2 de septiembre de 2024 a trav\u00e9s del portal de Mercado P\u00fablico. El Servicio Nacional para la Prevenci\u00f3n y Rehabilitaci\u00f3n del Consumo de Drogas y Alcohol (SENDA) abri\u00f3 la convocatoria al proceso de licitaci\u00f3n p\u00fablica para dos de sus principales<\/p>\n","protected":false},"author":1,"featured_media":3967,"comment_status":"open","ping_status":"open","sticky":false,"template":"","format":"standard","meta":{"footnotes":""},"categories":[53],"tags":[],"class_list":["post-3966","post","type-post","status-publish","format-standard","has-post-thumbnail","hentry","category-senda"],"_links":{"self":[{"href":"https:\/\/minutaregional.cl\/index.php?rest_route=\/wp\/v2\/posts\/3966","targetHints":{"allow":["GET"]}}],"collection":[{"href":"https:\/\/minutaregional.cl\/index.php?rest_route=\/wp\/v2\/posts"}],"about":[{"href":"https:\/\/minutaregional.cl\/index.php?rest_route=\/wp\/v2\/types\/post"}],"author":[{"embeddable":true,"href":"https:\/\/minutaregional.cl\/index.php?rest_route=\/wp\/v2\/users\/1"}],"replies":[{"embeddable":true,"href":"https:\/\/minutaregional.cl\/index.php?rest_route=%2Fwp%2Fv2%2Fcomments&post=3966"}],"version-history":[{"count":1,"href":"https:\/\/minutaregional.cl\/index.php?rest_route=\/wp\/v2\/posts\/3966\/revisions"}],"predecessor-version":[{"id":3968,"href":"https:\/\/minutaregional.cl\/index.php?rest_route=\/wp\/v2\/posts\/3966\/revisions\/3968"}],"wp:featuredmedia":[{"embeddable":true,"href":"https:\/\/minutaregional.cl\/index.php?rest_route=\/wp\/v2\/media\/3967"}],"wp:attachment":[{"href":"https:\/\/minutaregional.cl\/index.php?rest_route=%2Fwp%2Fv2%2Fmedia&parent=3966"}],"wp:term":[{"taxonomy":"category","embeddable":true,"href":"https:\/\/minutaregional.cl\/index.php?rest_route=%2Fwp%2Fv2%2Fcategories&post=3966"},{"taxonomy":"post_tag","embeddable":true,"href":"https:\/\/minutaregional.cl\/index.php?rest_route=%2Fwp%2Fv2%2Ftags&post=3966"}],"curies":[{"name":"wp","href":"https:\/\/api.w.org\/{rel}","templated":true}]}}