{"id":3963,"date":"2024-08-12T14:35:44","date_gmt":"2024-08-12T14:35:44","guid":{"rendered":"https:\/\/minutaregional.cl\/?p=3963"},"modified":"2024-08-12T14:35:44","modified_gmt":"2024-08-12T14:35:44","slug":"subcomision-de-ninos-ninas-y-adolescentes-centra-su-trabajo-en-el-resguardo-y-garantia-de-derechos","status":"publish","type":"post","link":"https:\/\/minutaregional.cl\/?p=3963","title":{"rendered":"Subcomisi\u00f3n de Ni\u00f1os, Ni\u00f1as y Adolescentes centra su trabajo en el resguardo y garant\u00eda de derechos"},"content":{"rendered":"<p>Durante la reciente sesi\u00f3n de la Subcomisi\u00f3n Ni\u00f1os, Ni\u00f1as y Adolescentes, presidida por la Seremi de Justicia y Derechos Humanos, Mar\u00eda Jos\u00e9 Rojas, los representantes de instituciones vinculadas a las tem\u00e1ticas de ni\u00f1ez y adolescencia en el \u00e1mbito penal revisaron distintos avances para un bordaje sist\u00e9mico e integral de la protecci\u00f3n y garant\u00eda de derechos de NNA.<\/p>\n<p>&nbsp;<\/p>\n<p>Dependiente de la Comisi\u00f3n regional de sistema de justicia penal, en la instancia se trataron intersectorialmente temas como la implementaci\u00f3n y el funcionamiento del Servicio de Reinserci\u00f3n Social Juvenil (SRJ), la representaci\u00f3n jur\u00eddica de NNA, las entrevistas investigativas videograbadas y el avance del programa de mediaci\u00f3n penal juvenil en la regi\u00f3n.<\/p>\n<p>&nbsp;<\/p>\n<p>En la ocasi\u00f3n estuvo presente Loreto Rebolledo, directora regional del SRJ Coquimbo, quien destac\u00f3 <strong>que \u201cfue un espacio nutritivo y fruct\u00edfero, que nos va asentando m\u00e1s en este proceso de implementaci\u00f3n y acerc\u00e1ndonos al circuito judicial. El servicio pudo dar cuenta del avance del programa de mediaci\u00f3n penal juvenil, estableciendo una articulaci\u00f3n con los distintos intervinientes para poder levantar causas. A su vez, se nos pidi\u00f3 dar a conocer el estado del derecho a la informaci\u00f3n de los j\u00f3venes respecto de sus procesos, fundamentalmente de quienes est\u00e1n en el centro privativo de libertad. En ese sentido, dimos cuenta de los distintos dispositivos y canales de informaci\u00f3n, estableciendo algunas mejoras y acogiendo sugerencias que la misma subcomisi\u00f3n nos entreg\u00f3\u201d. <\/strong><\/p>\n<p>&nbsp;<\/p>\n<p>Rojas, se\u00f1al\u00f3 respecto a la subcomisi\u00f3n que, <strong>\u201cdurante la instancia avanzamos en la revisi\u00f3n de estrategias intersectoriales para la protecci\u00f3n integral de los derechos de NNA en el \u00e1mbito penal. Se discuti\u00f3 la implementaci\u00f3n del Servicio de Reinserci\u00f3n Social Juvenil (SRJ), la representaci\u00f3n legal de menores, y el desarrollo del programa de mediaci\u00f3n penal juvenil en la regi\u00f3n y las entrevistas investigativas videograbadas\u201d.<\/strong><\/p>\n<p><strong>\u00a0<\/strong><\/p>\n<p>Asimismo, en la sesi\u00f3n se hizo entrega a los asistentes de librillos titulados \u201cNi\u00f1as, ni\u00f1os y adolescentes v\u00edctimas de delitos sexuales y otros delitos graves (Ley N\u00b0 21.057): Qu\u00e9 hacer y c\u00f3mo protegerlos\u201d.<\/p>\n<p>&nbsp;<\/p>\n<p>Este material tiene como prop\u00f3sito fortalecer el conocimiento y la sensibilizaci\u00f3n sobre la Ley N\u00b0 21.057, la cual regula las entrevistas grabadas en video y otras medidas de resguardo para menores de edad que han sido v\u00edctimas de delitos sexuales. Esta gu\u00eda proporciona orientaciones pr\u00e1cticas para abordar procesos de develaci\u00f3n, protecci\u00f3n y denuncia de hechos constitutivos de delitos que pudieran afectar a un ni\u00f1o, ni\u00f1a o adolescente en contextos escolares, de salud y otros espacios.<\/p>\n<p>Los principales destinatarios de este material son profesionales y\/o funcionarios del sector de educaci\u00f3n, salud y protecci\u00f3n especializada de ni\u00f1os, ni\u00f1as y adolescentes. Por esta raz\u00f3n, durante los pr\u00f3ximos d\u00edas se distribuir\u00e1 este material en dichos sectores.<\/p>\n","protected":false},"excerpt":{"rendered":"<p>Durante la reciente sesi\u00f3n de la Subcomisi\u00f3n Ni\u00f1os, Ni\u00f1as y Adolescentes, presidida por la Seremi de Justicia y Derechos Humanos, Mar\u00eda Jos\u00e9 Rojas, los representantes de instituciones vinculadas a las tem\u00e1ticas de ni\u00f1ez y adolescencia en el \u00e1mbito penal revisaron distintos avances para un bordaje sist\u00e9mico e integral de la<\/p>\n","protected":false},"author":1,"featured_media":3964,"comment_status":"open","ping_status":"open","sticky":false,"template":"","format":"standard","meta":{"footnotes":""},"categories":[7],"tags":[],"class_list":["post-3963","post","type-post","status-publish","format-standard","has-post-thumbnail","hentry","category-serviciospublicos"],"_links":{"self":[{"href":"https:\/\/minutaregional.cl\/index.php?rest_route=\/wp\/v2\/posts\/3963","targetHints":{"allow":["GET"]}}],"collection":[{"href":"https:\/\/minutaregional.cl\/index.php?rest_route=\/wp\/v2\/posts"}],"about":[{"href":"https:\/\/minutaregional.cl\/index.php?rest_route=\/wp\/v2\/types\/post"}],"author":[{"embeddable":true,"href":"https:\/\/minutaregional.cl\/index.php?rest_route=\/wp\/v2\/users\/1"}],"replies":[{"embeddable":true,"href":"https:\/\/minutaregional.cl\/index.php?rest_route=%2Fwp%2Fv2%2Fcomments&post=3963"}],"version-history":[{"count":1,"href":"https:\/\/minutaregional.cl\/index.php?rest_route=\/wp\/v2\/posts\/3963\/revisions"}],"predecessor-version":[{"id":3965,"href":"https:\/\/minutaregional.cl\/index.php?rest_route=\/wp\/v2\/posts\/3963\/revisions\/3965"}],"wp:featuredmedia":[{"embeddable":true,"href":"https:\/\/minutaregional.cl\/index.php?rest_route=\/wp\/v2\/media\/3964"}],"wp:attachment":[{"href":"https:\/\/minutaregional.cl\/index.php?rest_route=%2Fwp%2Fv2%2Fmedia&parent=3963"}],"wp:term":[{"taxonomy":"category","embeddable":true,"href":"https:\/\/minutaregional.cl\/index.php?rest_route=%2Fwp%2Fv2%2Fcategories&post=3963"},{"taxonomy":"post_tag","embeddable":true,"href":"https:\/\/minutaregional.cl\/index.php?rest_route=%2Fwp%2Fv2%2Ftags&post=3963"}],"curies":[{"name":"wp","href":"https:\/\/api.w.org\/{rel}","templated":true}]}}