{"id":3928,"date":"2024-08-05T21:45:05","date_gmt":"2024-08-05T21:45:05","guid":{"rendered":"https:\/\/minutaregional.cl\/?p=3928"},"modified":"2024-08-05T21:45:05","modified_gmt":"2024-08-05T21:45:05","slug":"profocap-brindara-nuevas-oportunidades-de-empleo-a-120-habitantes-de-la-region","status":"publish","type":"post","link":"https:\/\/minutaregional.cl\/?p=3928","title":{"rendered":"PROFOCAP brindar\u00e1 nuevas oportunidades de empleo a 120 habitantes de la regi\u00f3n"},"content":{"rendered":"<p><em>El programa tiene una duraci\u00f3n de 4 meses, con un r\u00e9gimen laboral de media jornada. En total son 284 horas cronol\u00f3gicas de formaci\u00f3n en sala y 96 horas en pasant\u00edas, con la finalidad de lograr una b\u00fasqueda efectiva de trabajo, que permita mejorar la calidad de vida de sus participantes. <\/em><\/p>\n<p>En la Provincia de Limar\u00ed, autoridades de gobierno dieron este lunes inici\u00f3 al Programa de Formaci\u00f3n, Capacitaci\u00f3n y Empleo (PROFOCAP), que este 2024 contar\u00e1 con un total de 120 participantes de las comunas de Ovalle, Monte Patria, Vicu\u00f1a, Coquimbo e Illapel.<\/p>\n<p>El inicio del programa se dio en las comunas de Ovalle y Monte Patria, hasta donde lleg\u00f3 la Delegada Presidencial Provincial de Limar\u00ed, Marily Escobar, acompa\u00f1ada de los Seremis de Trabajo y Previsi\u00f3n Social, Francisco Brizuela, de Agricultura, Christian \u00c1lvarez y el Director Regional de CONAF, Ricardo Guti\u00e9rrez.<\/p>\n<p>\u201cEste programa apoya al empleo de forma integral y tener este pilar fundamental para reforzar la permanencia laboral y la reinserci\u00f3n de 40 personas en Ovalle y 20 en Monte Patria, por lo que continuaremos trabajando para respaldar a los trabajadores y trabajadoras de la zona. Adem\u00e1s, debemos destacar la importancia de que cumplimos una responsabilidad para llegar a la comunidad y felicitamos la voluntad de la amplia participaci\u00f3n femenina y el poder de relevar su posici\u00f3n y decisi\u00f3n de aventurarse a poder tomar estos espacios como herramientas personales para crear oportunidades\u201d, indic\u00f3 la Delegada Presidencial Provincial de Limar\u00ed, Marily Escobar.<\/p>\n<p>Una de las beneficiadas con la puesta en marcha de PROFOCAP es Yasmina Veliz, participante de la localidad de Huamalata, comuna de Ovalle, quien se\u00f1al\u00f3 que su participaci\u00f3n busca, \u201cinsertarme en la vida laboral porque hace tiempo que no trabajo en algo estable, capacitarme porque es motivador estar siempre aprendiendo y aprovechar estos programas que nos da el Gobierno, porque siempre son pocas las instancias que uno puede participar o m\u00e1s que nada que uno le lleguen las oportunidades, porque hay que aprovecharlas. Esto es muy importante para mi desarrollo como persona y dejar un poco de lado la casa\u201d.<\/p>\n<p>Impresi\u00f3n similar fue la expresada por B\u00e1rbara Olivares, beneficiada de la localidad El Palqui, comuna de Monte Patria, \u201cesta es primera vez que el programa se instala en la comuna, vamos a tener harto apoyo de las personas para terminar este curso y espero que sea una oportunidad bien bonita, que la tomamos como un proyecto que a futuro nos de trabajo, que se nos quiten los posibles miedos y terminar con un proyecto laboral\u201d.<\/p>\n<p>El Seremi de Agricultura, Christian \u00c1lvarez, se refiri\u00f3 a la importancia que tiene el desarrollo de este programa en la regi\u00f3n, debido a que busca, \u201cMonte Patria ha sido una comuna fuertemente afectada por la crisis h\u00eddrica, por lo tanto, este aporte que se est\u00e1 realizando apuntan a poder hacer un levantamiento de oportunidades laborales y generaci\u00f3n de capacidades para la gente de Monte Patria. Estamos muy contentos porque es primera vez que este programa se ejecuta en la comuna y esperamos una buena respuesta de la poblaci\u00f3n\u201d.<\/p>\n<p>Respecto al enfoque del programa, tiene como finalidad lograr la inserci\u00f3n y permanencia laboral de sus participantes mediante un sistema did\u00e1ctico de la ense\u00f1anza que busca mejorar conductas y entregar herramientas b\u00e1sicas de Competencias Laborales, que en la actualidad representan herramientas fundamentales.<\/p>\n<p>\u201cEstamos iniciando la implementaci\u00f3n del programa PROFOCAP que lo ejecuta CONAF con recursos de la Subsecretaria del Trabajo, pero tambi\u00e9n con informaci\u00f3n que aporta el Ministerio de Desarrollo Social y Familia y que tiene como prop\u00f3sito generar condiciones para una mayor y mejor empleabilidad en nuestra regi\u00f3n. Este programa tiene un total de 120 personas beneficiadas, esta desplegado por 5 comunas de la regi\u00f3n. Hemos constatado en terreno que mayoritariamente son mujeres de la regi\u00f3n, as\u00ed es que estamos bastantes contentos como Ministerio del Trabajo y Previsi\u00f3n Social, porque estamos dando un impulso tambi\u00e9n a mitigar los efectos que ha tenido la sequ\u00eda, particularmente en la Provincia de Limar\u00ed\u201d, sostuvo Fernando Brizuela, Seremi del Trabajo y Previsi\u00f3n Social.<\/p>\n<p>En tanto, el Seremi de Desarrollo Social y Familia, Eduardo Alcayaga, dijo que, \u201cestamos realizando acciones mancomunadas para apoyar a personas que est\u00e1n en situaci\u00f3n de vulnerabilidad, en este caso de familias participantes del Subsistema Seguridades y Oportunidades, tal como nos ha instruido el Presidente, Gabriel Boric. Esta iniciativa permite mejorar las condiciones de empleabilidad entregando herramientas y competencias para buscar una inserci\u00f3n y permanencia laboral\u201d.<\/p>\n<p>Por su parte, el alcalde de Monte Patria, Cristian Herrera, valor\u00f3 realizaci\u00f3n de este programa, que se implementa por primera vez en la comuna, \u201cestamos muy agradecidos porque sentimos que estamos con un gobierno que escucha, desde el Presidente de la Rep\u00fablica que estuvo en este lugar, porque efectivamente como comuna estamos viviendo una situaci\u00f3n complicada con la escasez h\u00eddrica, nos han ca\u00eddo precipitaciones, pero eso no va a reactivar inmediatamente toda la empleabilidad que se ha perdido en los \u00faltimos a\u00f1os. Este programa que se da por primera vez en la comuna sin duda que va a permitir que 20 mujeres se capaciten para insertarse en el mundo laboral y tengan recursos frescos para llevar a sus familias\u201d.<\/p>\n<p>Finalmente, el director regional de CONAF, Ricardo Guti\u00e9rrez, se refiri\u00f3 al impacto de este tipo de programas en la poblaci\u00f3n, \u201cEste programa tiene como objetivo poder insertar, capacitar y contribuir al aumento de la empleabilidad a trav\u00e9s de capacitaciones y posteriormente pasant\u00edas, para la corporaci\u00f3n es un programa muy especial, porque implica volver no s\u00f3lo la posibilidad de sustento, sino que tambi\u00e9n aspecto que tienen que ver con los requerimientos de los territorios. En promedio de los capacitados, cerca del 60% obtiene un trabajo definitivo, tanto en forma asalariada c\u00f3mo en forma de emprendimiento personal\u201d.<\/p>\n","protected":false},"excerpt":{"rendered":"<p>El programa tiene una duraci\u00f3n de 4 meses, con un r\u00e9gimen laboral de media jornada. En total son 284 horas cronol\u00f3gicas de formaci\u00f3n en sala y 96 horas en pasant\u00edas, con la finalidad de lograr una b\u00fasqueda efectiva de trabajo, que permita mejorar la calidad de vida de sus participantes.<\/p>\n","protected":false},"author":1,"featured_media":3929,"comment_status":"open","ping_status":"open","sticky":false,"template":"","format":"standard","meta":{"footnotes":""},"categories":[1],"tags":[],"class_list":["post-3928","post","type-post","status-publish","format-standard","has-post-thumbnail","hentry","category-noticias-regionales"],"_links":{"self":[{"href":"https:\/\/minutaregional.cl\/index.php?rest_route=\/wp\/v2\/posts\/3928","targetHints":{"allow":["GET"]}}],"collection":[{"href":"https:\/\/minutaregional.cl\/index.php?rest_route=\/wp\/v2\/posts"}],"about":[{"href":"https:\/\/minutaregional.cl\/index.php?rest_route=\/wp\/v2\/types\/post"}],"author":[{"embeddable":true,"href":"https:\/\/minutaregional.cl\/index.php?rest_route=\/wp\/v2\/users\/1"}],"replies":[{"embeddable":true,"href":"https:\/\/minutaregional.cl\/index.php?rest_route=%2Fwp%2Fv2%2Fcomments&post=3928"}],"version-history":[{"count":1,"href":"https:\/\/minutaregional.cl\/index.php?rest_route=\/wp\/v2\/posts\/3928\/revisions"}],"predecessor-version":[{"id":3930,"href":"https:\/\/minutaregional.cl\/index.php?rest_route=\/wp\/v2\/posts\/3928\/revisions\/3930"}],"wp:featuredmedia":[{"embeddable":true,"href":"https:\/\/minutaregional.cl\/index.php?rest_route=\/wp\/v2\/media\/3929"}],"wp:attachment":[{"href":"https:\/\/minutaregional.cl\/index.php?rest_route=%2Fwp%2Fv2%2Fmedia&parent=3928"}],"wp:term":[{"taxonomy":"category","embeddable":true,"href":"https:\/\/minutaregional.cl\/index.php?rest_route=%2Fwp%2Fv2%2Fcategories&post=3928"},{"taxonomy":"post_tag","embeddable":true,"href":"https:\/\/minutaregional.cl\/index.php?rest_route=%2Fwp%2Fv2%2Ftags&post=3928"}],"curies":[{"name":"wp","href":"https:\/\/api.w.org\/{rel}","templated":true}]}}