{"id":3919,"date":"2024-08-01T22:36:15","date_gmt":"2024-08-01T22:36:15","guid":{"rendered":"https:\/\/minutaregional.cl\/?p=3919"},"modified":"2024-08-01T22:36:15","modified_gmt":"2024-08-01T22:36:15","slug":"numero-de-ocupados-aumenta-por-tercer-mes-consecutivo-y-tasa-de-desocupacion-regional-se-ubica-en-83","status":"publish","type":"post","link":"https:\/\/minutaregional.cl\/?p=3919","title":{"rendered":"N\u00famero de Ocupados aumenta por tercer mes consecutivo y Tasa de Desocupaci\u00f3n Regional se ubica en 8,3%"},"content":{"rendered":"<p><strong><em>\u00a0<\/em><\/strong><\/p>\n<ul>\n<li><strong><em>M\u00e1s de 7300 nuevos empleos se crearon durante el periodo de y Gobierno pone \u00e9nfasis en <\/em><\/strong><strong><em>agilizar la revisi\u00f3n de permisos sectoriales para la proyectos en la zona.<\/em><\/strong><\/li>\n<\/ul>\n<p><strong>Un descenso anual de 0,6 puntos porcentuales (pp) registr\u00f3 la Tasa de Desocupaci\u00f3n Regional ubic\u00e1ndose en 8,3% en el periodo abril-junio de 2024, marcada por el tercer aumento consecutivo en el n\u00famero de Ocupados.<\/strong><\/p>\n<p><strong>En este sentido el informe emitido por el Instituto Nacional de Estad\u00edsticas (<\/strong><strong>INE) consign\u00f3 que el n\u00famero de ocupados se increment\u00f3 en 12 meses en 7.370 personas <\/strong>totalizando 380.250.<\/p>\n<p>Al respecto el Delegado Presidencial Regional, Galo Luna, valor\u00f3 el aumento de personas que accedieron a un nuevo empleo y manifest\u00f3 que \u201cel compromiso del Gobierno es continuar avanzando y concretar los apoyos para la creaci\u00f3n de escenarios propicios que permitan la generaci\u00f3n de m\u00e1s inversi\u00f3n y dinamizaci\u00f3n econ\u00f3mica, y que en definitiva apunte a la creaci\u00f3n de empleos formales para impactar de forma positiva en la calidad de las familias de las y los trabajadores de la regi\u00f3n. En esta l\u00ednea hemos ido avanzando en diferentes \u00e1reas de desarrollo econ\u00f3mico con apalancamientos de recursos p\u00fablicos y privados, realizando un monitoreo constante de los proyectos de tal modo de reducir los tiempos de tramitaci\u00f3n e impulsar los inicios de la ejecuci\u00f3n de proyectos y obras que permitan continuar con el crecimiento y desarrollo de nuestra zona\u201d.<\/p>\n<p>Otro punto para considerar es el cuarto descenso consecutivo en el n\u00famero de personas desocupadas, con una disminuci\u00f3n anual de 2.140 personas totalizando 34.380.<\/p>\n<p>El Seremi del Trabajo, Francisco Brizuela, explic\u00f3 que \u201clo cierto es que son cifras positivas en comparaci\u00f3n al mismo periodo del a\u00f1o anterior, donde se presenta un aumento en la poblaci\u00f3n de personas ocupadas y que se refleja tanto en la Tasas de Desocupaci\u00f3n en las provincias de Limar\u00ed y Elqui, lo que nos insta a continuar en la agenda de inversi\u00f3n p\u00fablica que\u00a0 se est\u00e1 llevando a cabo y de los acercamientos con los proyectos privados que han sido aprobados y que entran en etapa de ejecuci\u00f3n lo que nos permite entrar en una mejor din\u00e1mica econ\u00f3mica\u201d.<\/p>\n<p>\u201cTambi\u00e9n hemos enfocado nuestros esfuerzos en llegar con m\u00e1s y mejores capacitaciones para las personas que buscan ampliar su perspectiva de b\u00fasqueda de empleo y en ese sentido es importante lo que hemos estado realizando con SENCE en toda la regi\u00f3n, con especial enfoque en la provincia de Limar\u00ed, donde ya se est\u00e1 ejecutando el programa de Becas Laborales con 39 cursos de capacitaci\u00f3n y que beneficia a un total de 750 personas\u201d, complement\u00f3 el Seremi del Trabajo.<\/p>\n<p><strong>En abril &#8211; junio 2024, la tasa de desocupaci\u00f3n de la provincia de Elqui fue de 9,1%, registrando disminuci\u00f3n de 0,5 pp. en doce meses. Mientras que en Limar\u00ed el \u00edndice se situ\u00f3 en <\/strong>6,3%, consignando un descenso interanual de 0,8 pp.<\/p>\n<p><strong>Seg\u00fan sector econ\u00f3mico, el aumento de la poblaci\u00f3n ocupada en la regi\u00f3n fue influida, principalmente por ense\u00f1anza (22,2%), miner\u00eda (15,2%) y administraci\u00f3n p\u00fablica (22,9%).<\/strong><\/p>\n<p><strong>De mayor a menor tasa de desocupaci\u00f3n, las regiones de \u00d1uble (10,7%), O\u2019Higgins (10,3%) y La Araucan\u00eda (9,7%) consignaron los primeros lugares. Coquimbo (8,3%) ocup\u00f3 el d\u00e9cimo lugar. En tanto, las menores tasas fueron registradas por las regiones de Los Lagos (4,9%) y Ays\u00e9n (5,0%).<\/strong><\/p>\n","protected":false},"excerpt":{"rendered":"<p>\u00a0 M\u00e1s de 7300 nuevos empleos se crearon durante el periodo de y Gobierno pone \u00e9nfasis en agilizar la revisi\u00f3n de permisos sectoriales para la proyectos en la zona. Un descenso anual de 0,6 puntos porcentuales (pp) registr\u00f3 la Tasa de Desocupaci\u00f3n Regional ubic\u00e1ndose en 8,3% en el periodo abril-junio<\/p>\n","protected":false},"author":1,"featured_media":3920,"comment_status":"open","ping_status":"open","sticky":false,"template":"","format":"standard","meta":{"footnotes":""},"categories":[1],"tags":[],"class_list":["post-3919","post","type-post","status-publish","format-standard","has-post-thumbnail","hentry","category-noticias-regionales"],"_links":{"self":[{"href":"https:\/\/minutaregional.cl\/index.php?rest_route=\/wp\/v2\/posts\/3919","targetHints":{"allow":["GET"]}}],"collection":[{"href":"https:\/\/minutaregional.cl\/index.php?rest_route=\/wp\/v2\/posts"}],"about":[{"href":"https:\/\/minutaregional.cl\/index.php?rest_route=\/wp\/v2\/types\/post"}],"author":[{"embeddable":true,"href":"https:\/\/minutaregional.cl\/index.php?rest_route=\/wp\/v2\/users\/1"}],"replies":[{"embeddable":true,"href":"https:\/\/minutaregional.cl\/index.php?rest_route=%2Fwp%2Fv2%2Fcomments&post=3919"}],"version-history":[{"count":1,"href":"https:\/\/minutaregional.cl\/index.php?rest_route=\/wp\/v2\/posts\/3919\/revisions"}],"predecessor-version":[{"id":3921,"href":"https:\/\/minutaregional.cl\/index.php?rest_route=\/wp\/v2\/posts\/3919\/revisions\/3921"}],"wp:featuredmedia":[{"embeddable":true,"href":"https:\/\/minutaregional.cl\/index.php?rest_route=\/wp\/v2\/media\/3920"}],"wp:attachment":[{"href":"https:\/\/minutaregional.cl\/index.php?rest_route=%2Fwp%2Fv2%2Fmedia&parent=3919"}],"wp:term":[{"taxonomy":"category","embeddable":true,"href":"https:\/\/minutaregional.cl\/index.php?rest_route=%2Fwp%2Fv2%2Fcategories&post=3919"},{"taxonomy":"post_tag","embeddable":true,"href":"https:\/\/minutaregional.cl\/index.php?rest_route=%2Fwp%2Fv2%2Ftags&post=3919"}],"curies":[{"name":"wp","href":"https:\/\/api.w.org\/{rel}","templated":true}]}}