{"id":3913,"date":"2024-08-01T20:00:42","date_gmt":"2024-08-01T20:00:42","guid":{"rendered":"https:\/\/minutaregional.cl\/?p=3913"},"modified":"2024-08-01T20:00:42","modified_gmt":"2024-08-01T20:00:42","slug":"mes-de-las-y-los-dirigentes-sociales-y-comunitarios-un-reconocimiento-a-estos-servidores-publicos","status":"publish","type":"post","link":"https:\/\/minutaregional.cl\/?p=3913","title":{"rendered":"Mes de las y los Dirigentes Sociales y Comunitarios: Un reconocimiento a estos servidores p\u00fablicos"},"content":{"rendered":"<p>Agosto, el mes en que celebramos a las y los dirigentes sociales y comunitarios, nos ofrece una oportunidad para reflexionar y destacar a aquellos individuos cuyo trabajo desinteresado contribuye a aportar con mejoras a nuestras comunidades.<\/p>\n<p>Son estas personas, a menudo invisibles para el gran p\u00fablico, los que van construyendo los cimientos sobre los cuales vamos avanzando hacia una sociedad m\u00e1s justa y solidaria.<\/p>\n<p>Los dirigentes sociales y comunitarios son agentes de transformaci\u00f3n, act\u00faan como puentes entre las necesidades, sue\u00f1os y anhelos de los ciudadanos y las instituciones que deben trabajar en concretarlos.<\/p>\n<p>Son l\u00edderes que, con un profundo sentido de compromiso y responsabilidad, dedican su tiempo y esfuerzo a organizar actividades, promover la participaci\u00f3n ciudadana y defender los derechos de sus comunidades.<\/p>\n<p>Su labor no se limita a una simple gesti\u00f3n de recursos; implica un entendimiento profundo de las problem\u00e1ticas sociales y una habilidad excepcional para movilizar a la comunidad hacia soluciones efectivas y sostenibles.<\/p>\n<p>En contextos donde las desigualdades estructurales est\u00e1n presentes, el rol de los y las dirigentes se vuelve crucial. Ellos luchan contra la exclusi\u00f3n social, trabajan para mejorar la educaci\u00f3n, la seguridad, la salud y las condiciones de vida de sus vecinos, y promueven la cohesi\u00f3n social. Son, en definitiva, los verdaderos l\u00edderes dentro de sus comunidades, cuya entrega diaria contribuye a la construcci\u00f3n de un mundo m\u00e1s equitativo y humano.<\/p>\n<p>El gobierno del presidente Gabriel Boric ha reconocido esta importancia y ha implementado pol\u00edticas espec\u00edficas para fortalecer y apoyar la labor de los dirigentes sociales, porque esta es una forma de reconocer su relevancia para la democracia.<\/p>\n<p>Entre estas pol\u00edticas, est\u00e1 el trabajo permanente que ha desarrollado la Divisi\u00f3n de Organizaciones Sociales que ha fortalecido los programas de formaci\u00f3n y capacitaci\u00f3n para l\u00edderes comunitarios, dot\u00e1ndolos de las herramientas y conocimientos necesarios para enfrentar los desaf\u00edos que viven d\u00eda a d\u00eda en comunidades, de una manera m\u00e1s efectiva.<\/p>\n<p>Otro aspecto relevante que se ha priorizado, en nuestro gobierno, es la modernizaci\u00f3n de la Ley 20.500 sobre Asociaciones y Participaci\u00f3n Ciudadana en la Gesti\u00f3n P\u00fablica. A trav\u00e9s de un trabajo serio, responsable y colectivo con las organizaciones sociales hemos construido una propuesta que busca fortalecer la incidencia de las dirigencias en el trabajo que desarrolla el Estado.<\/p>\n<p>Este trabajo, que ha llevado adelante nuestro Ministerio Secretar\u00eda General de Gobierno por medio de los di\u00e1logos Hablemos de Participaci\u00f3n y otras instancias, hoy cuenta con un informe final p\u00fablico, documento que ser\u00e1 la base del proyecto para reformar la Ley 20.500 que el Ejecutivo presentar\u00e1 al Congreso Nacional.<\/p>\n<p>Por otra parte, hemos logrado una mejora en los canales de comunicaci\u00f3n entre las organizaciones sociales y las instituciones gubernamentales. Esto facilita que las demandas y necesidades de la comunidad sean escuchadas y atendidas de manera m\u00e1s r\u00e1pida y eficiente. Asimismo, se han establecido mecanismos de participaci\u00f3n ciudadana que garantizan que la voz de los dirigentes sociales tenga un peso real en la toma de decisiones pol\u00edticas.<\/p>\n<p>Celebrar este mes no solo es un reconocimiento merecido a la ardua labor de las y los dirigentes sociales y comunitarios, sino tambi\u00e9n relevar la importancia de la participaci\u00f3n activa en nuestra comunidad y del poder transformador que tienen las personas organizadas para la sociedad. As\u00ed, tambi\u00e9n es una invitaci\u00f3n a valorar y apoyar a estos nuevos liderazgos, brind\u00e1ndoles las herramientas y el respaldo necesarios para que puedan continuar con su imprescindible labor.<\/p>\n<p>En un tiempo donde la individualidad parece prevalecer sobre el colectivo, los dirigentes sociales y comunitarios nos muestran que el cambio social es posible desde la base, que la empat\u00eda y el compromiso colectivo son fuerzas poderosas capaces de ir mejorando las realidades y de construir el bienestar com\u00fan.<br \/>\nAs\u00ed que, durante este mes de celebraci\u00f3n, rendimos homenaje a esos hombres y mujeres que, con su dedicaci\u00f3n y pasi\u00f3n, trazan el camino hacia una sociedad m\u00e1s justa y solidaria.<\/p>\n<p>Desde la Seremi de Gobierno de la Regi\u00f3n de Coquimbo reconocemos su trabajo, apoyamos sus iniciativas y, sobre todo, seguimos su ejemplo para construir un pa\u00eds donde nadie quede atr\u00e1s y todos seamos part\u00edcipes del desarrollo que las familias chilenas esperan.<\/p>\n<p>Paulina Mora Lara, Seremi de Gobierno de la Regi\u00f3n de Coquimbo<\/p>\n","protected":false},"excerpt":{"rendered":"<p>Agosto, el mes en que celebramos a las y los dirigentes sociales y comunitarios, nos ofrece una oportunidad para reflexionar y destacar a aquellos individuos cuyo trabajo desinteresado contribuye a aportar con mejoras a nuestras comunidades. Son estas personas, a menudo invisibles para el gran p\u00fablico, los que van construyendo<\/p>\n","protected":false},"author":1,"featured_media":3914,"comment_status":"open","ping_status":"open","sticky":false,"template":"","format":"standard","meta":{"footnotes":""},"categories":[24],"tags":[],"class_list":["post-3913","post","type-post","status-publish","format-standard","has-post-thumbnail","hentry","category-seremi-de-gobierno"],"_links":{"self":[{"href":"https:\/\/minutaregional.cl\/index.php?rest_route=\/wp\/v2\/posts\/3913","targetHints":{"allow":["GET"]}}],"collection":[{"href":"https:\/\/minutaregional.cl\/index.php?rest_route=\/wp\/v2\/posts"}],"about":[{"href":"https:\/\/minutaregional.cl\/index.php?rest_route=\/wp\/v2\/types\/post"}],"author":[{"embeddable":true,"href":"https:\/\/minutaregional.cl\/index.php?rest_route=\/wp\/v2\/users\/1"}],"replies":[{"embeddable":true,"href":"https:\/\/minutaregional.cl\/index.php?rest_route=%2Fwp%2Fv2%2Fcomments&post=3913"}],"version-history":[{"count":1,"href":"https:\/\/minutaregional.cl\/index.php?rest_route=\/wp\/v2\/posts\/3913\/revisions"}],"predecessor-version":[{"id":3915,"href":"https:\/\/minutaregional.cl\/index.php?rest_route=\/wp\/v2\/posts\/3913\/revisions\/3915"}],"wp:featuredmedia":[{"embeddable":true,"href":"https:\/\/minutaregional.cl\/index.php?rest_route=\/wp\/v2\/media\/3914"}],"wp:attachment":[{"href":"https:\/\/minutaregional.cl\/index.php?rest_route=%2Fwp%2Fv2%2Fmedia&parent=3913"}],"wp:term":[{"taxonomy":"category","embeddable":true,"href":"https:\/\/minutaregional.cl\/index.php?rest_route=%2Fwp%2Fv2%2Fcategories&post=3913"},{"taxonomy":"post_tag","embeddable":true,"href":"https:\/\/minutaregional.cl\/index.php?rest_route=%2Fwp%2Fv2%2Ftags&post=3913"}],"curies":[{"name":"wp","href":"https:\/\/api.w.org\/{rel}","templated":true}]}}