{"id":3875,"date":"2024-07-25T19:49:49","date_gmt":"2024-07-25T19:49:49","guid":{"rendered":"https:\/\/minutaregional.cl\/?p=3875"},"modified":"2024-07-25T19:51:50","modified_gmt":"2024-07-25T19:51:50","slug":"homenaje-postumo-cuarteles-de-la-serena-llevan-nombres-de-martires-institucionales","status":"publish","type":"post","link":"https:\/\/minutaregional.cl\/?p=3875","title":{"rendered":"Homenaje p\u00f3stumo: Cuarteles de La Serena llevan nombres de m\u00e1rtires institucionales"},"content":{"rendered":"<p>A modo de homenaje a la vida y labor de los hoy Suboficiales Mayores p\u00f3stumos Luis D\u00edaz Manr\u00edquez y Hans Knopke Briones, Carabineros present\u00f3 este jueves, los renovados nombres de dos de sus cuarteles, en una develaci\u00f3n de placas que estuvo enfocada precisamente, en destacar la entrega de los m\u00e1rtires regionales durante su vida policial.<\/p>\n<p>De esta manera, a contar de ahora la Subcomisar\u00eda La Florida lleva el nombre del Suboficial Mayor Luis D\u00edaz Manr\u00edquez, mientras que la Primera Comisar\u00eda La Serena el del Suboficial Mayor Hans Knopke Briones.<\/p>\n<p>Ambas actividades estuvieron encabezadas por el General Director de Carabineros, Ricardo Y\u00e1\u00f1ez Reveco, quien indic\u00f3 que <strong>\u00abhan pasado casi siete a\u00f1os desde el cruel asesinato de nuestros carabineros, nuestros m\u00e1rtires, y cre\u00edamos tremendamente relevante inmortalizar el nombre de ellos en los cuarteles policiales a los cuales pertenec\u00edan. Era un deber y una obligaci\u00f3n por parte de la instituci\u00f3n. En momentos tan complejos de seguridad que vive el pa\u00eds, estas motivaciones que nos generan nuestros m\u00e1rtires, como Hans y como Luis, constituyen la fuente de inspiraci\u00f3n para seguir adelante en una lucha que es constante, que es compleja, y de la cual no vamos a claudicar como Carabineros\u00bb.<\/strong><\/p>\n<p>Por su parte, el Jefe de Zona Coquimbo, General Juan Mu\u00f1oz, se refiri\u00f3 a la importancia de ambas ceremonias. <strong>\u201cQu\u00e9 m\u00e1s simb\u00f3lico que este homenaje, que permitir\u00e1 que cada persona que visite la Comisar\u00eda o la Subcomisar\u00eda, sepa que ese cuartel lleva el nombre de un h\u00e9roe, de un valiente carabinero que dio su vida por la seguridad del pr\u00f3jimo, de la regi\u00f3n y del pa\u00eds\u201d, dijo emocionado. <\/strong><\/p>\n<p><strong>\u00a0<\/strong><strong>\u201cPor su sacrificio y entrega, nuestros m\u00e1rtires deben ser recordados siempre. Nosotros, los carabineros, los honramos todos los d\u00edas, en cada servicio, en cada procedimiento, en cada fiscalizaci\u00f3n, porque son precisamente quienes han partido, los que nos motivan a seguir trabajando con m\u00e1s vocaci\u00f3n por y para la comunidad\u201d<\/strong>, agreg\u00f3 el alto oficial.<\/p>\n<p>Mientras que el Delegado Presidencial Regional, Galo Luna Penna, manifest\u00f3 que <strong>\u201cac\u00e1 estamos reconociendo la labor de dos m\u00e1rtires y tambi\u00e9n del trabajo que desarrolla Carabineros permanentemente. Nosotros como Gobierno estamos desarrollando un trabajo mancomunado con distintas acciones para fortalecer la seguridad de las personas en la regi\u00f3n. Seguiremos las capacidades operativas de la instituci\u00f3n, con la compra de veh\u00edculos y las inversiones que tambi\u00e9n realice el Gobierno Regional. Estamos comprometidos con la seguridad, estamos comprometidos a seguir apoyando a Carabineros de Chile para que pueda desarrollar su trabajo y brindar la seguridad que la gente requiere en las calles\u201d<\/strong>.<\/p>\n<p>Las ceremonias en honor a los funcionarios policiales, quienes fallecieron el 11 de noviembre de 2016 tras concurrir a prestar apoyo por un procedimiento por robo que se gener\u00f3 en Ovalle, pero que se traslad\u00f3 a la antigua ruta 43 que une la comuna con Coquimbo, congregaron a diversas autoridades y familiares directos de ambos m\u00e1rtires, quienes no pudieron contener la emoci\u00f3n y el orgullo por la instancia.<\/p>\n<p><strong>\u00abEs emocionante ver todo el cari\u00f1o de los carabineros y los vecinos hacia mi hijo. Saber que hay un cuartel que lleva su nombre en honor a su trabajo y legado es un orgullo para nosotros. Vivo en Talagante pero no pod\u00eda estar ausente hoy, porque \u00e9l era mi regal\u00f3n\u00bb,<\/strong> cuenta emocionado don Luis, padre del Suboficial Mayor p\u00f3stumo Luis D\u00edaz Manr\u00edquez.<\/p>\n<p>Por su parte, la sargento primero Mar\u00eda Cecilia Zepeda, viuda del Suboficial Mayor p\u00f3stumo Hans Knopke Briones, agradeci\u00f3 el apoyo de Carabineros. <strong>\u00abEn este momento hay l\u00e1grimas, pero son de agradecimiento. Agradecimiento hacia mi familia, hacia la Instituci\u00f3n, hacia el General Director, que viaj\u00f3 para estar presente en este hito tan importante porque marca la historia de la Comisar\u00eda, y agradecimiento al General Mu\u00f1oz, que se dio el tiempo de conocernos, siempre preocupado por el bienestar de nuestra familia\u00bb<\/strong>, sostuvo.<\/p>\n<p>Las ceremonias tambi\u00e9n contaron con la presencia del Gobernador suplente de la regi\u00f3n de Coquimbo, Wladimir Pleticosic Orellana; el Alcalde de La Serena, Roberto Jacob Jure; diversos consejeros regionales, concejales y parlamentarios.<\/p>\n","protected":false},"excerpt":{"rendered":"<p>A modo de homenaje a la vida y labor de los hoy Suboficiales Mayores p\u00f3stumos Luis D\u00edaz Manr\u00edquez y Hans Knopke Briones, Carabineros present\u00f3 este jueves, los renovados nombres de dos de sus cuarteles, en una develaci\u00f3n de placas que estuvo enfocada precisamente, en destacar la entrega de los m\u00e1rtires<\/p>\n","protected":false},"author":1,"featured_media":3876,"comment_status":"open","ping_status":"open","sticky":false,"template":"","format":"standard","meta":{"footnotes":""},"categories":[13],"tags":[],"class_list":["post-3875","post","type-post","status-publish","format-standard","has-post-thumbnail","hentry","category-policial"],"_links":{"self":[{"href":"https:\/\/minutaregional.cl\/index.php?rest_route=\/wp\/v2\/posts\/3875","targetHints":{"allow":["GET"]}}],"collection":[{"href":"https:\/\/minutaregional.cl\/index.php?rest_route=\/wp\/v2\/posts"}],"about":[{"href":"https:\/\/minutaregional.cl\/index.php?rest_route=\/wp\/v2\/types\/post"}],"author":[{"embeddable":true,"href":"https:\/\/minutaregional.cl\/index.php?rest_route=\/wp\/v2\/users\/1"}],"replies":[{"embeddable":true,"href":"https:\/\/minutaregional.cl\/index.php?rest_route=%2Fwp%2Fv2%2Fcomments&post=3875"}],"version-history":[{"count":1,"href":"https:\/\/minutaregional.cl\/index.php?rest_route=\/wp\/v2\/posts\/3875\/revisions"}],"predecessor-version":[{"id":3877,"href":"https:\/\/minutaregional.cl\/index.php?rest_route=\/wp\/v2\/posts\/3875\/revisions\/3877"}],"wp:featuredmedia":[{"embeddable":true,"href":"https:\/\/minutaregional.cl\/index.php?rest_route=\/wp\/v2\/media\/3876"}],"wp:attachment":[{"href":"https:\/\/minutaregional.cl\/index.php?rest_route=%2Fwp%2Fv2%2Fmedia&parent=3875"}],"wp:term":[{"taxonomy":"category","embeddable":true,"href":"https:\/\/minutaregional.cl\/index.php?rest_route=%2Fwp%2Fv2%2Fcategories&post=3875"},{"taxonomy":"post_tag","embeddable":true,"href":"https:\/\/minutaregional.cl\/index.php?rest_route=%2Fwp%2Fv2%2Ftags&post=3875"}],"curies":[{"name":"wp","href":"https:\/\/api.w.org\/{rel}","templated":true}]}}