{"id":3842,"date":"2024-07-23T19:16:26","date_gmt":"2024-07-23T19:16:26","guid":{"rendered":"https:\/\/minutaregional.cl\/?p=3842"},"modified":"2024-07-23T19:16:26","modified_gmt":"2024-07-23T19:16:26","slug":"destinan-mas-de-170-millones-para-financiar-proyectos-de-medios-de-comunicacion-de-la-region-de-coquimbo","status":"publish","type":"post","link":"https:\/\/minutaregional.cl\/?p=3842","title":{"rendered":"Destinan m\u00e1s de $170 millones para financiar proyectos de medios de comunicaci\u00f3n de la Regi\u00f3n de Coquimbo"},"content":{"rendered":"<ul>\n<li><strong><em>Recursos entregados por el Ministerio Secretar\u00eda General de Gobierno permitir\u00e1n aportar a diversificar la parrilla program\u00e1tica local <\/em><\/strong><strong><em>\u00a0<\/em><\/strong><\/li>\n<\/ul>\n<p>Treinta y nueve iniciativas propuestas por peri\u00f3dicos, medios online, radios y canales de televisi\u00f3n locales lograron adjudicarse el concurso del Fondo de Medios de Comunicaci\u00f3n Social que, cada a\u00f1o, realiza la Seremi de Gobierno.<\/p>\n<p>En esta oportunidad, los ganadores se repartir\u00e1n casi $170 millones de pesos, que se hab\u00eda dispuesto para la Regi\u00f3n de Coquimbo, para la ejecuci\u00f3n de proyectos \u00a0que refuercen el rol de la comunicaci\u00f3n en el desarrollo social y cultural, rescatando la identidad propia de cada regi\u00f3n y sus comunas.<\/p>\n<p>As\u00ed lo dio a conocer, la vocera regional, Paulina Mora, quien entreg\u00f3 sus felicitaciones a los medios que lograron adjudicarse los recursos en esta versi\u00f3n.<\/p>\n<p><strong>\u201cLos medios de comunicaci\u00f3n locales son fundamentales para mantener informada a nuestra comunidad y para fortalecer nuestra democracia. Estos recursos son una muestra del compromiso que, tanto el Presidente Gabriel Boric como nuestro Gobierno, tenemos con el desarrollo de una prensa libre, pluralista e independiente en nuestra Regi\u00f3n de Coquimbo. Con esto queremos lograr generar espacios donde los vecinos y vecinas puedan encontrar los temas relevantes para ellos y donde se promueva la participaci\u00f3n ciudadana y se fortalezca le tejido social\u201d, expres\u00f3 la Vocera Regional Paulina Mora.<\/strong><\/p>\n<p>Entre los proyectos seleccionados se encuentran iniciativas que buscan promover la cultura local, informar sobre temas de inter\u00e9s p\u00fablico como el uso del recurso h\u00eddrico, la salud, educaci\u00f3n y medio ambiente, y fomentar la incidencia de la ciudadan\u00eda en la toma de decisiones.<\/p>\n<p>Cabe agregar que cada proyecto fue evaluado a trav\u00e9s de criterios t\u00e9cnicos, los que son revisados por la Comisi\u00f3n Regional Evaluadora del Fondo, la que est\u00e1 compuesta por un representante de la Gobernaci\u00f3n Regional, el CORE, el Colegio de Periodistas, la Archi, la ANP y representantes de la Seremi de Educaci\u00f3n y Econom\u00eda, m\u00e1s la Seremi de Gobierno que act\u00faa como ministro de fe.<\/p>\n<p>Al respecto, la representante del Core y Presidenta de la Comisi\u00f3n Evaluadora, Paola Cort\u00e9s, se\u00f1al\u00f3 que <strong>\u201cestamos muy contentos porque hay proyectos muy buenos, que de verdad sintonizan much\u00edsimo con la necesidad que tenemos en la regi\u00f3n y algunos muy innovadores tambi\u00e9n. Es importante que la comunidad sepa de estas iniciativas y puedan escucharlos o leerlos, porque estos proyecto van en beneficio a poder educarnos en temas que son relevantes\u201d.<\/strong><\/p>\n<p>Para esta versi\u00f3n, los medios de la provincia de Elqui que recibir\u00e1n recursos para sus iniciativas ser\u00e1n 25, 9 en Limar\u00ed y cinco en Choapa. Treinta y nueve propuestas en total, que buscar\u00e1n ser un aporte al desarrollo local y cultural de la Regi\u00f3n de Coquimbo gracias al aporte de m\u00e1s de 170 millones.<\/p>\n<p>La lista completa de los proyectos adjudicados en la Regi\u00f3n de Coquimbo puede ser revisada en www.fondodemedios.gob.cl.<\/p>\n","protected":false},"excerpt":{"rendered":"<p>Recursos entregados por el Ministerio Secretar\u00eda General de Gobierno permitir\u00e1n aportar a diversificar la parrilla program\u00e1tica local \u00a0 Treinta y nueve iniciativas propuestas por peri\u00f3dicos, medios online, radios y canales de televisi\u00f3n locales lograron adjudicarse el concurso del Fondo de Medios de Comunicaci\u00f3n Social que, cada a\u00f1o, realiza la Seremi<\/p>\n","protected":false},"author":1,"featured_media":3843,"comment_status":"open","ping_status":"open","sticky":false,"template":"","format":"standard","meta":{"footnotes":""},"categories":[24],"tags":[],"class_list":["post-3842","post","type-post","status-publish","format-standard","has-post-thumbnail","hentry","category-seremi-de-gobierno"],"_links":{"self":[{"href":"https:\/\/minutaregional.cl\/index.php?rest_route=\/wp\/v2\/posts\/3842","targetHints":{"allow":["GET"]}}],"collection":[{"href":"https:\/\/minutaregional.cl\/index.php?rest_route=\/wp\/v2\/posts"}],"about":[{"href":"https:\/\/minutaregional.cl\/index.php?rest_route=\/wp\/v2\/types\/post"}],"author":[{"embeddable":true,"href":"https:\/\/minutaregional.cl\/index.php?rest_route=\/wp\/v2\/users\/1"}],"replies":[{"embeddable":true,"href":"https:\/\/minutaregional.cl\/index.php?rest_route=%2Fwp%2Fv2%2Fcomments&post=3842"}],"version-history":[{"count":1,"href":"https:\/\/minutaregional.cl\/index.php?rest_route=\/wp\/v2\/posts\/3842\/revisions"}],"predecessor-version":[{"id":3844,"href":"https:\/\/minutaregional.cl\/index.php?rest_route=\/wp\/v2\/posts\/3842\/revisions\/3844"}],"wp:featuredmedia":[{"embeddable":true,"href":"https:\/\/minutaregional.cl\/index.php?rest_route=\/wp\/v2\/media\/3843"}],"wp:attachment":[{"href":"https:\/\/minutaregional.cl\/index.php?rest_route=%2Fwp%2Fv2%2Fmedia&parent=3842"}],"wp:term":[{"taxonomy":"category","embeddable":true,"href":"https:\/\/minutaregional.cl\/index.php?rest_route=%2Fwp%2Fv2%2Fcategories&post=3842"},{"taxonomy":"post_tag","embeddable":true,"href":"https:\/\/minutaregional.cl\/index.php?rest_route=%2Fwp%2Fv2%2Ftags&post=3842"}],"curies":[{"name":"wp","href":"https:\/\/api.w.org\/{rel}","templated":true}]}}