{"id":3805,"date":"2024-06-19T20:28:09","date_gmt":"2024-06-19T20:28:09","guid":{"rendered":"https:\/\/minutaregional.cl\/?p=3805"},"modified":"2024-07-11T20:35:10","modified_gmt":"2024-07-11T20:35:10","slug":"intervencion-plan-invierno-2024-coquimbo","status":"publish","type":"post","link":"https:\/\/minutaregional.cl\/?p=3805","title":{"rendered":"Intervenci\u00f3n Plan Invierno 2024 Coquimbo"},"content":{"rendered":"<p>Municipalidad de Coquimbo, s\u00e9 prepara para enfrentar la temporada de lluvias con plan invierno 2024 :<\/p>\n<p style=\"text-align: justify;\">La direcci\u00f3n de Seguridad P\u00fablica de la Municipalidad de Coquimbo ejecuta la campa\u00f1a \u201cCoquimbo y su gente, seguros todo el a\u00f1o\u201d, una campa\u00f1a de difusi\u00f3n de distintos aspectos y recomendaciones sobre seguridad.<\/p>\n<p style=\"text-align: justify;\">Esta intervenci\u00f3n en el marco de la Campa\u00f1a: \u201cCoquimbo y su gente, seguros todo el a\u00f1o\u201d en funci\u00f3n de coordinar y ejecutar esta actividad de acci\u00f3n para el autocuidado ante la llegada de la temporada de invierno.<br \/>\nPara esto se desarroll\u00f3 una participaci\u00f3n para fortalecer por medio de un trabajo preventivo y de respuesta mancomunada por parte del Departamento de Seguridad Publica, el Departamento de Gesti\u00f3n de Riesgos ante Desastres y Emergencias, Carabineros de Chile y junto a los dirigentes de la Junta de Vecinos, a fin de minimizar los riesgos, los da\u00f1os que se produzcan en la comuna debido a las lluvias o temporales y que pueden afectar al bienestar de los vecinos.<\/p>\n<p style=\"text-align: justify;\">La actividad tuvo como objetivo poder informar los procedimientos de las diversas direcciones frente a una emergencia, las herramientas e informaci\u00f3n de las cuales se dispone en dichas instancias, la forma de enfrentar los eventos meteorol\u00f3gicos y, a su vez, buscar formas de trabajar colaborativamente con las autoridades relacionadas y los equipos de emergencia.<\/p>\n<p><img loading=\"lazy\" decoding=\"async\" class=\"alignnone size-full wp-image-3808\" src=\"https:\/\/minutaregional.cl\/wp-content\/uploads\/2024\/07\/WhatsApp-Image-2024-07-11-at-11.01.18-1.jpeg\" alt=\"\" width=\"1280\" height=\"720\" \/><\/p>\n<p>&nbsp;<\/p>\n","protected":false},"excerpt":{"rendered":"<p>Municipalidad de Coquimbo, s\u00e9 prepara para enfrentar la temporada de lluvias con plan invierno 2024 : La direcci\u00f3n de Seguridad P\u00fablica de la Municipalidad de Coquimbo ejecuta la campa\u00f1a \u201cCoquimbo y su gente, seguros todo el a\u00f1o\u201d, una campa\u00f1a de difusi\u00f3n de distintos aspectos y recomendaciones sobre seguridad. Esta intervenci\u00f3n<\/p>\n","protected":false},"author":1,"featured_media":3807,"comment_status":"closed","ping_status":"open","sticky":false,"template":"","format":"standard","meta":{"footnotes":""},"categories":[21],"tags":[],"class_list":["post-3805","post","type-post","status-publish","format-standard","has-post-thumbnail","hentry","category-municipalidades"],"_links":{"self":[{"href":"https:\/\/minutaregional.cl\/index.php?rest_route=\/wp\/v2\/posts\/3805","targetHints":{"allow":["GET"]}}],"collection":[{"href":"https:\/\/minutaregional.cl\/index.php?rest_route=\/wp\/v2\/posts"}],"about":[{"href":"https:\/\/minutaregional.cl\/index.php?rest_route=\/wp\/v2\/types\/post"}],"author":[{"embeddable":true,"href":"https:\/\/minutaregional.cl\/index.php?rest_route=\/wp\/v2\/users\/1"}],"replies":[{"embeddable":true,"href":"https:\/\/minutaregional.cl\/index.php?rest_route=%2Fwp%2Fv2%2Fcomments&post=3805"}],"version-history":[{"count":3,"href":"https:\/\/minutaregional.cl\/index.php?rest_route=\/wp\/v2\/posts\/3805\/revisions"}],"predecessor-version":[{"id":3810,"href":"https:\/\/minutaregional.cl\/index.php?rest_route=\/wp\/v2\/posts\/3805\/revisions\/3810"}],"wp:featuredmedia":[{"embeddable":true,"href":"https:\/\/minutaregional.cl\/index.php?rest_route=\/wp\/v2\/media\/3807"}],"wp:attachment":[{"href":"https:\/\/minutaregional.cl\/index.php?rest_route=%2Fwp%2Fv2%2Fmedia&parent=3805"}],"wp:term":[{"taxonomy":"category","embeddable":true,"href":"https:\/\/minutaregional.cl\/index.php?rest_route=%2Fwp%2Fv2%2Fcategories&post=3805"},{"taxonomy":"post_tag","embeddable":true,"href":"https:\/\/minutaregional.cl\/index.php?rest_route=%2Fwp%2Fv2%2Ftags&post=3805"}],"curies":[{"name":"wp","href":"https:\/\/api.w.org\/{rel}","templated":true}]}}