{"id":3764,"date":"2024-07-01T22:21:24","date_gmt":"2024-07-01T22:21:24","guid":{"rendered":"https:\/\/minutaregional.cl\/?p=3764"},"modified":"2024-07-02T13:40:29","modified_gmt":"2024-07-02T13:40:29","slug":"mas-de-90-mil-trabajadores-se-beneficiarian-con-aumento-de-sueldo-minimo-en-la-region-de-coquimbo","status":"publish","type":"post","link":"https:\/\/minutaregional.cl\/?p=3764","title":{"rendered":"M\u00e1s de 90 mil trabajadores se beneficiar\u00edan con aumento de Sueldo M\u00ednimo en la regi\u00f3n de Coquimbo"},"content":{"rendered":"<ul>\n<li><strong><em>El Presidente de la Rep\u00fablica, Gabriel Boric, junto a la ministra del Trabajo y Previsi\u00f3n Social, Jeannette Jara y el ministro de Hacienda, Mario Marcel, dieron el vamos a la entrada en vigencia de esta normativa.<\/em><\/strong><\/li>\n<\/ul>\n<p>Este 1 de julio se concret\u00f3 un nuevo aumento del sueldo m\u00ednimo, pasando de $460 mil a $500 mil cumpliendo con uno de los compromisos del Programa de Gobierno del Presidente Gabriel Boric.<\/p>\n<p>En la regi\u00f3n de Coquimbo las autoridades regionales destacaron la iniciativa del Gobierno poniendo en relevancia la pol\u00edtica de acuerdos y di\u00e1logos que ha permitido el avance de la agenda legislativa del gobierno para avanzar hacia el trabajo decente.<\/p>\n<p>En este sentido el Seremi del Trabajo, Francisco Brizuela, enfatiz\u00f3 en que \u201ceste hito importante e hist\u00f3rico para los trabajadores y trabajadoras de la regi\u00f3n, tambi\u00e9n tomando en cuenta otros avances en materia laboral, en base tambi\u00e9n a los acuerdos y di\u00e1logos que se dan en nuestro pa\u00eds. Efectivamente, hoy comenzamos como pa\u00eds y nuestro gobierno con el incremento del ingreso m\u00ednimo mensual a 500 mil pesos como una de las medidas que en materia laboral hemos impulsado como gobierno y que se han visto materializadas en el a\u00f1o 2024. Es importante tambi\u00e9n se\u00f1alar que esta medida, de incremento del ingreso m\u00ednimo mensual, junto con las otras medidas que ha adoptado el Ministerio del Trabajo y Previsi\u00f3n Social, tienen como prop\u00f3sito avanzar en un concepto que hemos definido y est\u00e1 definido en nuestro programa de gobierno como trabajo decente. Y en esa perspectiva hemos impulsado por ejemplo iniciativas como la ley de 40 Horas, la Ley Karin, la Ley SANNA o la Ley de conciliaci\u00f3n de la vida familiar, personal y laboral.\u201d<\/p>\n<p>Por su parte la Seremi de Gobierno, Paulina Mora, calific\u00f3 como un gran avance el aumento del salario m\u00ednimo y dijo que \u201cestamos muy contentas de estar anunciando la entrada en vigencia del salario m\u00ednimo a los 500.000 pesos, un alza que es adem\u00e1s hist\u00f3rica, el alza m\u00e1s grande en los \u00faltimos 30 a\u00f1os que significa un aumento aproximadamente cerca del 20% respecto de cuando ingresamos al gobierno. Creo que esto nos da una mirada de c\u00f3mo estamos avanzando y concretando acciones desde el Ejecutivo. El tener trabajadoras y trabajadores con sueldos dignos es un imperativo para nosotros, por lo tanto, avanzar en aquello sin duda es una de nuestras prioridades\u201d.<\/p>\n<p>Esta alza del salario m\u00ednimo es hist\u00f3rica, ya que es la mayor de los \u00faltimos 29 a\u00f1os e impactar\u00e1 a alrededor de 800 mil trabajadores y trabajadoras a nivel nacional. Mientras que seg\u00fan la estimaci\u00f3n del Observatorio Laboral de la regi\u00f3n de Coquimbo, el n\u00famero de trabajadores que perciben el sueldo m\u00ednimo ser\u00edan cerca de 91 mil personas.<\/p>\n<p>Subsidio a MiPymes y beneficios<\/p>\n<p>Adem\u00e1s del alza gradual del salario m\u00ednimo a $500 mil, y gracias a un acuerdo alcanzado por el Ejecutivo, a trav\u00e9s del Ministerio de Econom\u00eda, con varias organizaciones de micro, peque\u00f1as y medianas empresas, la ley aprobada en 2023 dispuso la entrega de un subsidio para el sector, que consiste en un esquema de montos para cada uno de los per\u00edodos de alza del salario m\u00ednimo.<\/p>\n<p>Al respecto la Seremi de Econom\u00eda, P\u00eda Castillo, coment\u00f3 \u201cque en la regi\u00f3n de Coquimbo tenemos una cantidad de m\u00e1s de 9.000 empresas de MiPymes y cooperativas que pueden ser causantes de este subsidio al sueldo m\u00ednimo, de momento tenemos un catastro que est\u00e1n por sobre las 6.000 empresas que han postulado y ya llevamos 23.000 trabajadores que est\u00e1n sujetos a este beneficio, de un total de 33.000 que lo pueden recibir. Eso tambi\u00e9n habla de un compromiso ferviente de gobierno de ir acompa\u00f1ando tambi\u00e9n al mundo de las mipymes y cooperativas a este proceso tambi\u00e9n de ajuste macroecon\u00f3mico a nivel internacional y nacional para que podamos ir conjuntamente aportando tambi\u00e9n al crecimiento y productividad de nuestro pa\u00eds\u201d.<\/p>\n<p>En el marco del anuncio del salario m\u00ednimo, las autoridades visitaron la empresa NSA Consultores del rubro medioambiental, donde se destac\u00f3 el aporte que el Estado est\u00e1 realizando para potenciar las pymes de la regi\u00f3n.<\/p>\n<p>Pascal Lagunas, director de Sercotec, manifest\u00f3 que \u201cdestacamos la pol\u00edtica que tiene esta empresa de poder recibir con una buena mirada todo lo que son las pol\u00edticas de 40 horas para sus trabajadores, como tambi\u00e9n el sueldo m\u00ednimo. Por eso es que resaltamos esta empresa e invitamos a los dem\u00e1s empresarios a que se puedan sumar a estas pol\u00edticas p\u00fablicas ya que es importante y es relevante para sus trabajadores.\u201d<\/p>\n<p>Mientras que Andrea L\u00f3pez Rivas, gerente general de NSA Consultores, resalt\u00f3 en c\u00f3mo conciben el trabajo al interior de la empresa y manifest\u00f3 que \u201cnosotros somos una empresa que partimos en el 2003 y desde ah\u00ed en adelante, en nuestro mayor crecimiento, que ha sido como dos a\u00f1os atr\u00e1s, hemos estado s\u00faper comprometidos justamente con los trabajadores y trabajadoras de nuestro pa\u00eds. Nosotros, por ejemplo, tenemos un hito importante donde nosotros nunca hemos tenido nuestros trabajadores con sueldo m\u00ednimo, siempre tenemos un sueldo mucho m\u00e1s amplio que el que tiene por ley\u201d.<\/p>\n<p>El proyecto de ley de aumento de Sueldo M\u00ednimo respectivo fue ingresado por el Gobierno en abril de 2023 y fue despachado a ley a fines de mayo de ese a\u00f1o por parte del Congreso Nacional, con una implementaci\u00f3n gradual para acotar el efecto en la econom\u00eda, el empleo y en las MiPymes, que consider\u00f3 un aumento inicial, desde $410 mil a $440 mil, el 1 de mayo de 2023; luego, a $460 mil, el 1 de septiembre de 2023; y, finalmente, a $500 mil, que rige desde este 1 de julio de 2024. Adem\u00e1s, contempla que el 1 de enero de 2025 el salario b\u00e1sico se reajustar\u00e1 de acuerdo con el IPC de los \u00faltimos seis meses.<\/p>\n","protected":false},"excerpt":{"rendered":"<p>El Presidente de la Rep\u00fablica, Gabriel Boric, junto a la ministra del Trabajo y Previsi\u00f3n Social, Jeannette Jara y el ministro de Hacienda, Mario Marcel, dieron el vamos a la entrada en vigencia de esta normativa. Este 1 de julio se concret\u00f3 un nuevo aumento del sueldo m\u00ednimo, pasando de<\/p>\n","protected":false},"author":1,"featured_media":3771,"comment_status":"open","ping_status":"open","sticky":false,"template":"","format":"standard","meta":{"footnotes":""},"categories":[7],"tags":[],"class_list":["post-3764","post","type-post","status-publish","format-standard","has-post-thumbnail","hentry","category-serviciospublicos"],"_links":{"self":[{"href":"https:\/\/minutaregional.cl\/index.php?rest_route=\/wp\/v2\/posts\/3764","targetHints":{"allow":["GET"]}}],"collection":[{"href":"https:\/\/minutaregional.cl\/index.php?rest_route=\/wp\/v2\/posts"}],"about":[{"href":"https:\/\/minutaregional.cl\/index.php?rest_route=\/wp\/v2\/types\/post"}],"author":[{"embeddable":true,"href":"https:\/\/minutaregional.cl\/index.php?rest_route=\/wp\/v2\/users\/1"}],"replies":[{"embeddable":true,"href":"https:\/\/minutaregional.cl\/index.php?rest_route=%2Fwp%2Fv2%2Fcomments&post=3764"}],"version-history":[{"count":1,"href":"https:\/\/minutaregional.cl\/index.php?rest_route=\/wp\/v2\/posts\/3764\/revisions"}],"predecessor-version":[{"id":3766,"href":"https:\/\/minutaregional.cl\/index.php?rest_route=\/wp\/v2\/posts\/3764\/revisions\/3766"}],"wp:featuredmedia":[{"embeddable":true,"href":"https:\/\/minutaregional.cl\/index.php?rest_route=\/wp\/v2\/media\/3771"}],"wp:attachment":[{"href":"https:\/\/minutaregional.cl\/index.php?rest_route=%2Fwp%2Fv2%2Fmedia&parent=3764"}],"wp:term":[{"taxonomy":"category","embeddable":true,"href":"https:\/\/minutaregional.cl\/index.php?rest_route=%2Fwp%2Fv2%2Fcategories&post=3764"},{"taxonomy":"post_tag","embeddable":true,"href":"https:\/\/minutaregional.cl\/index.php?rest_route=%2Fwp%2Fv2%2Ftags&post=3764"}],"curies":[{"name":"wp","href":"https:\/\/api.w.org\/{rel}","templated":true}]}}