{"id":3731,"date":"2024-06-26T20:23:06","date_gmt":"2024-06-26T20:23:06","guid":{"rendered":"https:\/\/minutaregional.cl\/?p=3731"},"modified":"2024-06-26T20:23:06","modified_gmt":"2024-06-26T20:23:06","slug":"a-paso-firme-cumpliendo-con-las-familias-de-la-region-de-coquimbo","status":"publish","type":"post","link":"https:\/\/minutaregional.cl\/?p=3731","title":{"rendered":"A paso firme cumpliendo con las familias de la Regi\u00f3n de Coquimbo"},"content":{"rendered":"<p>Chile vive una aguda crisis habitacional, alrededor de 650.000 familias no tienen una vivienda adecuada en nuestro pa\u00eds y en la Regi\u00f3n de Coquimbo no estamos alejados de esta realidad, ya que seg\u00fan datos entregados por el informe \u201cD\u00e9ficit habitacional en Chile: Evoluci\u00f3n y an\u00e1lisis de la crisis de vivienda\u201d de la C\u00e1mara Chilena de la Construcci\u00f3n tenemos una deuda de 37 mil hogares.<\/p>\n<p>Bajo ese escenario, en julio del 2022, el Presidente Gabriel Boric present\u00f3 el Plan de Emergencia Habitacional, una iniciativa que busca hacernos cargo del d\u00e9ficit y demanda habitacional de nuestro pa\u00eds, bajo un enfoque que permite recuperar el rol del Estado como promotor, protector y garante del cumplimiento del derecho a la vivienda.<\/p>\n<p>Absorber, como m\u00ednimo, el 40% de la demanda habitacional proyectada al final de nuestro gobierno, es sin duda una meta ambiciosa, pero necesaria para enfrentar esta preocupante situaci\u00f3n. Por esto, asumimos el desaf\u00edo cuantitativo de entregar 260 mil viviendas al final del mandato y, tambi\u00e9n, el de establecer acciones y estrategias para disminuir las desigualdades urbano-territoriales y socio-econ\u00f3micas desde una planificaci\u00f3n integral que marquen una hoja de ruta hacia una sociedad m\u00e1s equitativa e inclusiva bajo un est\u00e1ndar de Buen Vivir para el pueblo de Chile.<\/p>\n<p>Por esto, el Plan de Emergencia Habitacional no habla s\u00f3lo de vivienda sino de generar comunidad, de c\u00f3mo avanzamos en la construcci\u00f3n de hogares dignos en barrios justos, inclusivos y seguros. Para lograr este objetivo el abordaje no puede ser otro que el intersectorial.<\/p>\n<p>En nuestra regi\u00f3n, el Plan de Emergencia Habitacional, liderado por la Seremi de Vivienda y Urbanismo y apoyado por el Servicio de Vivienda y Urbanizaci\u00f3n tambi\u00e9n se han propuesto una meta desafiante, pero que avanza a paso firme en la concreci\u00f3n de m\u00e1s de 12.500 soluciones habitacionales al final de nuestra administraci\u00f3n: Hemos logrado entregar m\u00e1s de seis mil viviendas, lo que equivale a un 54% de cumplimiento de nuestro objetivo.<\/p>\n<p>En paralelo seguimos trabajando, ya que se encuentran en ejecuci\u00f3n las obras de un total de 4.670 hogares, lo que representa un 36% de la meta regional. Estas cifras representan una gesti\u00f3n institucional eficiente, que no solo da una respuesta al derecho de tantas familias de tener una casa propia, sino que tambi\u00e9n seguimos aportando a la generaci\u00f3n de empleo y dinamizaci\u00f3n de la econom\u00eda regional a trav\u00e9s de la inversi\u00f3n. Este, tambi\u00e9n, es el resultado de una ardua labor de tantas familias organizadas, que han luchado a\u00f1o tras a\u00f1os por tener una vivienda digna y adecuada.<\/p>\n<p>Ejemplo de esto, lo pudimos ver y compartir con las 137 familias de Vicu\u00f1a que recibieron, emocionadas, las llaves de sus viviendas del proyecto Esperanza Elquina de Calingasta, proyecto que tuvo una inversi\u00f3n de m\u00e1s de 6 mil millones -la m\u00e1s importante de Vicu\u00f1a- y, tambi\u00e9n, la felicidad de las 86 familias de Sotaqu\u00ed, que recibieron este mes -tras 20 a\u00f1os de espera- sus certificados de subsidio habitacional comenzando, al fin, la construcci\u00f3n de sus casas en los proyectos Campo Verde y Villa 2006.<\/p>\n<p>A este trabajo serio y responsable podemos sumar el \u201cPlan Ciudades Justas Maestranza\u201d, un programa de gran proyecci\u00f3n urban\u00edstica, que contempla la ejecuci\u00f3n diversas iniciativas habitacionales de integraci\u00f3n social para sectores populares y medios, as\u00ed como, tambi\u00e9n, comprende el desarrollo de un programa de viviendas para trabajadores, viviendas tuteladas para personas mayores y, adem\u00e1s, para Arriendo a Precio Justo.<\/p>\n<p>Este programa, adem\u00e1s, proveer\u00e1 de infraestructuras o espacios p\u00fablicos, como un parque urbano, as\u00ed como equipamiento y servicios b\u00e1sicos, como una oficina de Registro Civil, jard\u00edn infantil y servicios municipales, entre otros. Gracias a lo que lograremos una infraestructura de alto nivel, que combina lo urbano y lo habitacional contribuyendo a la regeneraci\u00f3n del barrio y a la recuperaci\u00f3n patrimonial de este emblem\u00e1tico sector de Coquimbo.<\/p>\n<p>El derecho a la vivienda digna ha sido reconocido internacionalmente y pese a que no se encuentra establecido en nuestra legislaci\u00f3n constitucional, lo cierto es que en los hechos, no es posible entenderlo de otra manera, porque la vivienda constituye el centro de nuestra estabilidad econ\u00f3mica y emocional.<\/p>\n<p>El tener un espacio digno y seguro, con acceso a servicios b\u00e1sicos, a escuelas, espacios p\u00fablicos, no puede dejarse solo en manos del mercado inmobiliario, el Estado tiene y debe cumplir un rol preponderante en garantizar el derecho a la vivienda y a la construcci\u00f3n de hogares y barrios seguros, un compromiso que asumimos con la Regi\u00f3n de Coquimbo y el pa\u00eds.<\/p>\n<p>Paulina Mora Lara, Seremi de Gobierno de la Regi\u00f3n de Coquimbo.<\/p>\n","protected":false},"excerpt":{"rendered":"<p>Chile vive una aguda crisis habitacional, alrededor de 650.000 familias no tienen una vivienda adecuada en nuestro pa\u00eds y en la Regi\u00f3n de Coquimbo no estamos alejados de esta realidad, ya que seg\u00fan datos entregados por el informe \u201cD\u00e9ficit habitacional en Chile: Evoluci\u00f3n y an\u00e1lisis de la crisis de vivienda\u201d<\/p>\n","protected":false},"author":1,"featured_media":3732,"comment_status":"open","ping_status":"open","sticky":false,"template":"","format":"standard","meta":{"footnotes":""},"categories":[24],"tags":[],"class_list":["post-3731","post","type-post","status-publish","format-standard","has-post-thumbnail","hentry","category-seremi-de-gobierno"],"_links":{"self":[{"href":"https:\/\/minutaregional.cl\/index.php?rest_route=\/wp\/v2\/posts\/3731","targetHints":{"allow":["GET"]}}],"collection":[{"href":"https:\/\/minutaregional.cl\/index.php?rest_route=\/wp\/v2\/posts"}],"about":[{"href":"https:\/\/minutaregional.cl\/index.php?rest_route=\/wp\/v2\/types\/post"}],"author":[{"embeddable":true,"href":"https:\/\/minutaregional.cl\/index.php?rest_route=\/wp\/v2\/users\/1"}],"replies":[{"embeddable":true,"href":"https:\/\/minutaregional.cl\/index.php?rest_route=%2Fwp%2Fv2%2Fcomments&post=3731"}],"version-history":[{"count":1,"href":"https:\/\/minutaregional.cl\/index.php?rest_route=\/wp\/v2\/posts\/3731\/revisions"}],"predecessor-version":[{"id":3733,"href":"https:\/\/minutaregional.cl\/index.php?rest_route=\/wp\/v2\/posts\/3731\/revisions\/3733"}],"wp:featuredmedia":[{"embeddable":true,"href":"https:\/\/minutaregional.cl\/index.php?rest_route=\/wp\/v2\/media\/3732"}],"wp:attachment":[{"href":"https:\/\/minutaregional.cl\/index.php?rest_route=%2Fwp%2Fv2%2Fmedia&parent=3731"}],"wp:term":[{"taxonomy":"category","embeddable":true,"href":"https:\/\/minutaregional.cl\/index.php?rest_route=%2Fwp%2Fv2%2Fcategories&post=3731"},{"taxonomy":"post_tag","embeddable":true,"href":"https:\/\/minutaregional.cl\/index.php?rest_route=%2Fwp%2Fv2%2Ftags&post=3731"}],"curies":[{"name":"wp","href":"https:\/\/api.w.org\/{rel}","templated":true}]}}