{"id":3715,"date":"2024-06-24T14:32:21","date_gmt":"2024-06-24T14:32:21","guid":{"rendered":"https:\/\/minutaregional.cl\/?p=3715"},"modified":"2024-06-24T14:32:21","modified_gmt":"2024-06-24T14:32:21","slug":"oficina-movil-de-bienes-nacionales-visitara-los-vilos-illapel-y-salamanca-esta-semana","status":"publish","type":"post","link":"https:\/\/minutaregional.cl\/?p=3715","title":{"rendered":"Oficina M\u00f3vil de Bienes Nacionales visitar\u00e1 Los Vilos, Illapel y Salamanca esta semana"},"content":{"rendered":"<ul>\n<li><strong><em>En el m\u00f3vil, se podr\u00e1n realizar todo tipo de tr\u00e1mites, como regularizaci\u00f3n de t\u00edtulos de dominio y de comunidades agr\u00edcolas<\/em><\/strong><\/li>\n<\/ul>\n<p>Un nuevo recorrido por la provincia del Choapa realizar\u00e1 la Oficina M\u00f3vil de Bienes Nacionales, esta vez para atender las consultas de los vecinos y vecinas de las comunas de Los Vilos, Illapel y Salamanca.<\/p>\n<p>\u201cEsta visita nos permite atender y resolver todas sus dudas y tambi\u00e9n, recibir las carpetas de las familias que inician la tramitaci\u00f3n para obtener sus t\u00edtulos de dominio y acceder de esta forma, a todos los beneficios que entrega el Gobierno y los municipios\u201d, explic\u00f3 el Seremi de Bienes Nacionales Marcelo Salazar.<\/p>\n<p>El calendario de atenci\u00f3n de p\u00fablico de la Oficina M\u00f3vil de Bienes Nacionales para esta semana es el siguiente:<\/p>\n<p><strong>\u00a0<\/strong><strong>Martes 25 de junio:<\/strong> 10:30 horas, Municipalidad de Los Vilos.<\/p>\n<ul>\n<li><strong>Mi\u00e9rcoles 26 de junio: <\/strong>09:30 horas, Plaza de Armas de Illapel, frente a la Casa de la Cultura.<\/li>\n<li><strong>Jueves 27 de junio: <\/strong>09:30 horas, Plaza de Armas de Salamanca.<\/li>\n<\/ul>\n","protected":false},"excerpt":{"rendered":"<p>En el m\u00f3vil, se podr\u00e1n realizar todo tipo de tr\u00e1mites, como regularizaci\u00f3n de t\u00edtulos de dominio y de comunidades agr\u00edcolas Un nuevo recorrido por la provincia del Choapa realizar\u00e1 la Oficina M\u00f3vil de Bienes Nacionales, esta vez para atender las consultas de los vecinos y vecinas de las comunas de<\/p>\n","protected":false},"author":1,"featured_media":3716,"comment_status":"open","ping_status":"open","sticky":false,"template":"","format":"standard","meta":{"footnotes":""},"categories":[48],"tags":[],"class_list":["post-3715","post","type-post","status-publish","format-standard","has-post-thumbnail","hentry","category-seremi-bines-nacionales"],"_links":{"self":[{"href":"https:\/\/minutaregional.cl\/index.php?rest_route=\/wp\/v2\/posts\/3715","targetHints":{"allow":["GET"]}}],"collection":[{"href":"https:\/\/minutaregional.cl\/index.php?rest_route=\/wp\/v2\/posts"}],"about":[{"href":"https:\/\/minutaregional.cl\/index.php?rest_route=\/wp\/v2\/types\/post"}],"author":[{"embeddable":true,"href":"https:\/\/minutaregional.cl\/index.php?rest_route=\/wp\/v2\/users\/1"}],"replies":[{"embeddable":true,"href":"https:\/\/minutaregional.cl\/index.php?rest_route=%2Fwp%2Fv2%2Fcomments&post=3715"}],"version-history":[{"count":1,"href":"https:\/\/minutaregional.cl\/index.php?rest_route=\/wp\/v2\/posts\/3715\/revisions"}],"predecessor-version":[{"id":3717,"href":"https:\/\/minutaregional.cl\/index.php?rest_route=\/wp\/v2\/posts\/3715\/revisions\/3717"}],"wp:featuredmedia":[{"embeddable":true,"href":"https:\/\/minutaregional.cl\/index.php?rest_route=\/wp\/v2\/media\/3716"}],"wp:attachment":[{"href":"https:\/\/minutaregional.cl\/index.php?rest_route=%2Fwp%2Fv2%2Fmedia&parent=3715"}],"wp:term":[{"taxonomy":"category","embeddable":true,"href":"https:\/\/minutaregional.cl\/index.php?rest_route=%2Fwp%2Fv2%2Fcategories&post=3715"},{"taxonomy":"post_tag","embeddable":true,"href":"https:\/\/minutaregional.cl\/index.php?rest_route=%2Fwp%2Fv2%2Ftags&post=3715"}],"curies":[{"name":"wp","href":"https:\/\/api.w.org\/{rel}","templated":true}]}}