{"id":3705,"date":"2024-06-21T21:17:42","date_gmt":"2024-06-21T21:17:42","guid":{"rendered":"https:\/\/minutaregional.cl\/?p=3705"},"modified":"2024-06-21T21:17:42","modified_gmt":"2024-06-21T21:17:42","slug":"intensifican-fiscalizaciones-y-controles-preventivos-para-reforzar-la-seguridad-en-la-zona-costera-de-la-conurbacion","status":"publish","type":"post","link":"https:\/\/minutaregional.cl\/?p=3705","title":{"rendered":"Intensifican fiscalizaciones y controles preventivos para reforzar la seguridad en la zona costera de la conurbaci\u00f3n"},"content":{"rendered":"<p><em>Durante el operativo nocturno, se realizaron controles de identidad y pruebas de alcoholemia, tambi\u00e9n se verific\u00f3 que los locales cumplieran con las normativas de seguridad y construcci\u00f3n, y adem\u00e1s se inspeccionaron las condiciones laborales en los establecimientos.<\/em><\/p>\n<p>&nbsp;<\/p>\n<p>Con la llegada de las vacaciones de invierno y el consecuente aumento de turistas, la Delegaci\u00f3n Presidencial Regional, en coordinaci\u00f3n con diversas entidades p\u00fablicas, llev\u00f3 a cabo un extenso operativo de fiscalizaci\u00f3n en la Avenida del Mar, uno de los puntos m\u00e1s concurridos de La Serena y Coquimbo durante la temporada.<\/p>\n<p>El despliegue cont\u00f3 con la participaci\u00f3n de la Coordinaci\u00f3n Regional de Seguridad P\u00fablica, Carabineros, SENDA, Seguridad Municipal, la Direcci\u00f3n de Obras Municipales, el Servicio de Impuestos Internos (SII), la Direcci\u00f3n del Trabajo, la Seremi de Transportes, y otros organismos gubernamentales. Estas entidades realizaron diversos controles y fiscalizaciones a establecimientos comerciales y veh\u00edculos, as\u00ed como control de identidad a transe\u00fantes en el \u00e1rea.<\/p>\n<p>Al respecto, el Coordinador Regional de Seguridad P\u00fablica, Abel Lizama Pino, destac\u00f3 la importancia de este operativo: <strong>\u00abPermite generar una mejor sensaci\u00f3n de tranquilidad a vecinos y visitantes que vienen a puntos de diversi\u00f3n nocturna y, junto a ello, fiscalizar el tr\u00e1nsito vehicular y los locales en cuanto a cumplimiento de la legislaci\u00f3n vigente. Nuestro Delegado Presidencial Regional, Galo Luna Penna, nos ha pedido una intervenci\u00f3n completa de los servicios del Estado para que las personas puedan sentirse seguras y evitar incivilidades\u00bb, <\/strong>se\u00f1al\u00f3.<\/p>\n<p>&nbsp;<\/p>\n<p>Asimismo, Lizama cont\u00f3 que seguir\u00e1n las fiscalizaciones durante las pr\u00f3ximas semanas, <strong>\u201cdonde habr\u00e1 gran presencia\u00a0policial y patrullajes mixtos junto a los municipios. Como Gobierno estamos comprometidos con la seguridad y por eso que estamos trabajando todos los servicios unidos\u201d. <\/strong><\/p>\n<p>Durante las fiscalizaciones en la Avenida del Mar, se emitieron m\u00faltiples infracciones y citaciones. Estas incluyen infracciones de tr\u00e1nsito, a la Ley de Alcoholes, incumplimientos de algunos locales con las normativas de seguridad y construcci\u00f3n, una infracci\u00f3n a un local por no otorgar boletas a sus clientes, una multa a un pub por operar sin permiso y recepci\u00f3n vigente, entre otras sanciones. Adem\u00e1s, hubo un detenido por la Ley 20.000.<\/p>\n<p>Por su parte, el Subteniente de la Primera Comisar\u00eda de La Serena, Sebasti\u00e1n Riedel, valor\u00f3 el trabajo conjunto, se\u00f1alando que <strong>\u201ceste operativo lo que busca es generar y aumentar la sensaci\u00f3n de seguridad en las personas, porque como Carabineros estamos entregando una mejor y mayor seguridad\u201d.<\/strong><\/p>\n<p>Con este tipo de intervenciones, las autoridades regionales buscan reforzar el compromiso del Gobierno con la seguridad p\u00fablica, especialmente en momentos de alta afluencia de personas. Se espera que, durante el resto de la temporada invernal, se contin\u00faen realizando operativos similares para mantener la tranquilidad y el orden en la regi\u00f3n.<\/p>\n","protected":false},"excerpt":{"rendered":"<p>Durante el operativo nocturno, se realizaron controles de identidad y pruebas de alcoholemia, tambi\u00e9n se verific\u00f3 que los locales cumplieran con las normativas de seguridad y construcci\u00f3n, y adem\u00e1s se inspeccionaron las condiciones laborales en los establecimientos. &nbsp; Con la llegada de las vacaciones de invierno y el consecuente aumento<\/p>\n","protected":false},"author":1,"featured_media":3706,"comment_status":"open","ping_status":"open","sticky":false,"template":"","format":"standard","meta":{"footnotes":""},"categories":[52],"tags":[],"class_list":["post-3705","post","type-post","status-publish","format-standard","has-post-thumbnail","hentry","category-dpr-coquimbo"],"_links":{"self":[{"href":"https:\/\/minutaregional.cl\/index.php?rest_route=\/wp\/v2\/posts\/3705","targetHints":{"allow":["GET"]}}],"collection":[{"href":"https:\/\/minutaregional.cl\/index.php?rest_route=\/wp\/v2\/posts"}],"about":[{"href":"https:\/\/minutaregional.cl\/index.php?rest_route=\/wp\/v2\/types\/post"}],"author":[{"embeddable":true,"href":"https:\/\/minutaregional.cl\/index.php?rest_route=\/wp\/v2\/users\/1"}],"replies":[{"embeddable":true,"href":"https:\/\/minutaregional.cl\/index.php?rest_route=%2Fwp%2Fv2%2Fcomments&post=3705"}],"version-history":[{"count":1,"href":"https:\/\/minutaregional.cl\/index.php?rest_route=\/wp\/v2\/posts\/3705\/revisions"}],"predecessor-version":[{"id":3707,"href":"https:\/\/minutaregional.cl\/index.php?rest_route=\/wp\/v2\/posts\/3705\/revisions\/3707"}],"wp:featuredmedia":[{"embeddable":true,"href":"https:\/\/minutaregional.cl\/index.php?rest_route=\/wp\/v2\/media\/3706"}],"wp:attachment":[{"href":"https:\/\/minutaregional.cl\/index.php?rest_route=%2Fwp%2Fv2%2Fmedia&parent=3705"}],"wp:term":[{"taxonomy":"category","embeddable":true,"href":"https:\/\/minutaregional.cl\/index.php?rest_route=%2Fwp%2Fv2%2Fcategories&post=3705"},{"taxonomy":"post_tag","embeddable":true,"href":"https:\/\/minutaregional.cl\/index.php?rest_route=%2Fwp%2Fv2%2Ftags&post=3705"}],"curies":[{"name":"wp","href":"https:\/\/api.w.org\/{rel}","templated":true}]}}