{"id":3702,"date":"2024-06-18T14:35:01","date_gmt":"2024-06-18T14:35:01","guid":{"rendered":"https:\/\/minutaregional.cl\/?p=3702"},"modified":"2024-06-21T14:36:26","modified_gmt":"2024-06-21T14:36:26","slug":"colegio-pedro-aguirre-cerda-de-la-serena-conmemoro-el-dia-contra-el-trabajo-infantil","status":"publish","type":"post","link":"https:\/\/minutaregional.cl\/?p=3702","title":{"rendered":"Colegio Pedro Aguirre Cerda de La Serena conmemor\u00f3 el D\u00eda contra el Trabajo Infantil"},"content":{"rendered":"<p><em>En Chile, el trabajo infantil est\u00e1 prohibido y la Ley 21.271 protege los derechos de los ni\u00f1os, ni\u00f1as y adolescentes en el mundo laboral. Cada 12 de junio se conmemora el D\u00eda Mundial Contra el Trabajo Infantil, con el objetivo de informar y sensibilizar a la ciudadan\u00eda sobre esta vulneraci\u00f3n de derechos y la importancia de su prevenci\u00f3n y erradicaci\u00f3n.<\/em><\/p>\n<p>En la regi\u00f3n de Coquimbo, el Colegio Pedro Aguirre Cerda de La Serena fue sede del acto central coordinado por el Comit\u00e9 Regional para la Erradicaci\u00f3n del Trabajo Infantil (CRETI), liderado por el Seremi del Trabajo. La comunidad educativa particip\u00f3 en un acto cultural y una feria de servicios informativos sobre la tem\u00e1tica.<\/p>\n<p>El Coro de Voces Blancas del establecimiento se present\u00f3, demostrando c\u00f3mo la cultura y las artes pueden ser espacios seguros para el desarrollo de los ni\u00f1os y ni\u00f1as, en l\u00ednea con el lema de la Organizaci\u00f3n Internacional del Trabajo (OIT) para este a\u00f1o: \u201cCumplamos con nuestros compromisos: \u00a1Pongamos fin al trabajo infantil!\u201d.<\/p>\n<p>El Seremi del\u00a0<a title=\"\" href=\"https:\/\/www.bne.cl\/ofertas\" target=\"_blank\" rel=\"noopener nofollow\">Trabajo<\/a>, Francisco Brizuela, coment\u00f3 que \u201cestamos reafirmando nuestro compromiso para poner fin al trabajo infantil en nuestro pa\u00eds, tratando de erradicar y superar lo que ha sido la historia en nuestro pa\u00eds respecto a esta tem\u00e1tica. Todos estamos involucrados en esta problem\u00e1tica y qu\u00e9 mejor forma de conmemorar este d\u00eda con los ni\u00f1os y ni\u00f1as de la comuna de La Serena\u201d.<\/p>\n<p>Irma Gaete, directora del Colegio Pedro Aguirre Cerda, destac\u00f3 la importancia de la instancia y dijo que \u201cpara nosotros como colegio es muy significativo que nos hayan elegido para conmemorar este d\u00eda. Nuestro colegio est\u00e1 inserto en un sector bastante vulnerable donde necesitamos este apoyo y conocimiento de esta problem\u00e1tica que muchos padres desconocen y que nuestros alumnos tambi\u00e9n. Realmente ha sido muy significativo para toda la comunidad\u201d.<\/p>\n<p>Pilar Medina, coordinadora regional de la Defensor\u00eda de la Ni\u00f1ez regi\u00f3n de Coquimbo, enfatiz\u00f3 en la importancia de conmemorar esta fecha y declar\u00f3 que \u201ces un d\u00eda fijado para llamar la atenci\u00f3n sobre la necesidad de seguir luchando por la erradicaci\u00f3n total del trabajo infantil. Todos y todas somos responsables de que no exista m\u00e1s trabajo infantil y sobre todo que los ni\u00f1os y ni\u00f1as conozcan sus derechos para que sepan que no tienen que trabajar\u201d.<\/p>\n<p>En la regi\u00f3n de Coquimbo, el Seremi del Trabajo preside el Comit\u00e9 Regional para la Erradicaci\u00f3n del Trabajo Infantil, cuyo objetivo es dar cumplimiento a las propuestas y metas establecidas en la Estrategia Nacional para la Erradicaci\u00f3n del Trabajo Infantil para los a\u00f1os 2015-2025.<\/p>\n<p>En la instancia de conmemoraci\u00f3n participaron diferentes Servicios P\u00fablicos como la Seremi de Mujer y Equidad De G\u00e9nero, la Seremi de Desarrollo Social y Familia, la Oficina Local de Ni\u00f1ez, la Defensor\u00eda de la Ni\u00f1ez, Carabineros y la Direcci\u00f3n del Trabajo, entre otros.<\/p>\n","protected":false},"excerpt":{"rendered":"<p>En Chile, el trabajo infantil est\u00e1 prohibido y la Ley 21.271 protege los derechos de los ni\u00f1os, ni\u00f1as y adolescentes en el mundo laboral. Cada 12 de junio se conmemora el D\u00eda Mundial Contra el Trabajo Infantil, con el objetivo de informar y sensibilizar a la ciudadan\u00eda sobre esta vulneraci\u00f3n<\/p>\n","protected":false},"author":1,"featured_media":3703,"comment_status":"open","ping_status":"open","sticky":false,"template":"","format":"standard","meta":{"footnotes":""},"categories":[1],"tags":[],"class_list":["post-3702","post","type-post","status-publish","format-standard","has-post-thumbnail","hentry","category-noticias-regionales"],"_links":{"self":[{"href":"https:\/\/minutaregional.cl\/index.php?rest_route=\/wp\/v2\/posts\/3702","targetHints":{"allow":["GET"]}}],"collection":[{"href":"https:\/\/minutaregional.cl\/index.php?rest_route=\/wp\/v2\/posts"}],"about":[{"href":"https:\/\/minutaregional.cl\/index.php?rest_route=\/wp\/v2\/types\/post"}],"author":[{"embeddable":true,"href":"https:\/\/minutaregional.cl\/index.php?rest_route=\/wp\/v2\/users\/1"}],"replies":[{"embeddable":true,"href":"https:\/\/minutaregional.cl\/index.php?rest_route=%2Fwp%2Fv2%2Fcomments&post=3702"}],"version-history":[{"count":1,"href":"https:\/\/minutaregional.cl\/index.php?rest_route=\/wp\/v2\/posts\/3702\/revisions"}],"predecessor-version":[{"id":3704,"href":"https:\/\/minutaregional.cl\/index.php?rest_route=\/wp\/v2\/posts\/3702\/revisions\/3704"}],"wp:featuredmedia":[{"embeddable":true,"href":"https:\/\/minutaregional.cl\/index.php?rest_route=\/wp\/v2\/media\/3703"}],"wp:attachment":[{"href":"https:\/\/minutaregional.cl\/index.php?rest_route=%2Fwp%2Fv2%2Fmedia&parent=3702"}],"wp:term":[{"taxonomy":"category","embeddable":true,"href":"https:\/\/minutaregional.cl\/index.php?rest_route=%2Fwp%2Fv2%2Fcategories&post=3702"},{"taxonomy":"post_tag","embeddable":true,"href":"https:\/\/minutaregional.cl\/index.php?rest_route=%2Fwp%2Fv2%2Ftags&post=3702"}],"curies":[{"name":"wp","href":"https:\/\/api.w.org\/{rel}","templated":true}]}}