{"id":3689,"date":"2024-06-19T12:16:22","date_gmt":"2024-06-19T12:16:22","guid":{"rendered":"https:\/\/minutaregional.cl\/?p=3689"},"modified":"2024-06-19T12:16:51","modified_gmt":"2024-06-19T12:16:51","slug":"alianza-permite-acercar-campana-de-vacunacion-a-las-juntas-de-vecinos","status":"publish","type":"post","link":"https:\/\/minutaregional.cl\/?p=3689","title":{"rendered":"Alianza permite acercar campa\u00f1a de vacunaci\u00f3n a las Juntas de Vecinos"},"content":{"rendered":"<ul>\n<li><strong><em>La iniciativa desarrollara por la Vocer\u00eda de Gobierno y la autoridad sanitaria ha permitido trasladar a los equipos por los territorios de La Serena y Coquimbo<\/em><\/strong><\/li>\n<\/ul>\n<p>Ad portas del inicio del inverno y del alza de las enfermedades respiratorias, la Seremi de Gobierno, Salud y las Juntas de Vecinos se han unido para aumentar la cobertura de la campa\u00f1a de vacunaci\u00f3n contra la influenza y el COVID-19 con el objetivo de cuidar la salud de la poblaci\u00f3n.<\/p>\n<p>Gracias a este trabajo, ya m\u00e1s de 250 personas se han logrado inmunizar en las sedes de las organizaciones territoriales, por medio de operativos especiales desarrollados para evitar que los grupos objetivos tengan que realizar grandes recorridos en busca de la vacuna.<\/p>\n<p>La iniciativa ha sido aplaudida por los dirigentes vecinales, como Carmen Flores de la Junta de Vecinos Portal del Elqui de La Serena, quien destac\u00f3 la importancia de llegar a las juntas de vecinos con estas campa\u00f1as.<\/p>\n<p><strong>\u201cDar las gracias porque se vacunaron m\u00e1s de 70 personas, entre ellos cuidadores de adultos mayores y personas con enfermedades de base. Tambi\u00e9n terminaron de vacunarse las personas que no ten\u00edan la quinta dosis de COVID. Fue una actividad muy bonita. Dar siempre las gracias por estar preocupados de las personas que no alcanzan a llegar a sus sectores, que son en este caso los consultorios, ya sea por lejura, ya sea por tiempo, por trabajo y todo.\u201d, expres\u00f3 Carmen Flores de La Serena.<\/strong><\/p>\n<p>Al respecto, la Seremi de Gobierno, Paulina Mora, explic\u00f3 que esta actividad nace de la inquietud de los l\u00edderes locales por lograr abarcar a los grupos que son vulnerables a las enfermedades respiratorias y del inter\u00e9s de la autoridad por lograr mejorar los \u00edndices de cobertura de la campa\u00f1a de invierno.<\/p>\n<p><strong>\u201cHemos avanzado en el proceso de vacunaci\u00f3n, pero para reforzarlo quisimos apoyar este requerimiento que nos realizaron nuestros dirigentes y dirigentas vecinales para llevar los operativos de inmunizaci\u00f3n a las sedes sociales. Ellos son los primeros que ven las necesidades de sus comunidades y para nosotros, como gobierno, es importante estar donde nos necesitan. Seguiremos apoyando estas acciones que solo buscan el bienestar y cuidar a nuestras comunidades\u201d, se\u00f1al\u00f3 la Vocera Regional Paulina Mora. <\/strong><\/p>\n<p>Seg\u00fan la informaci\u00f3n entregada por la autoridad sanitaria los grupos que deben vacunarse contra Influenza y COVID-19 son: Personal de salud, personas de 60 a\u00f1os o m\u00e1s, personal de la educaci\u00f3n parvularia y escolar hasta 8\u00b0 b\u00e1sico, embarazadas, personas inmunocomprometidas y pacientes cr\u00f3nicos. El resto de los grupos m\u00e1s espec\u00edficos se pueden conocer en minsal.cl y en las redes sociales del Ministerio de Salud.<\/p>\n<p>Desde la Junta de Vecinos Paula Jaraquemada de El Bosque de San Carlos, Coquimbo, Ana Mar\u00eda V\u00e9liz, agradeci\u00f3 el operativo y se\u00f1al\u00f3 que esperan nuevas oportunidades para avanzar en la cobertura de otros grupos.<\/p>\n<p><strong>\u201cEsto nos favorece enormemente, ya que una, descongestionamos todo lo que es la ida hacia el CESFAM, y lo otro que es m\u00e1s c\u00f3modo hacia los vecinos que todo lo que sea operativo de salud se acerque a la comunidad, y as\u00ed la comunidad igual se siente m\u00e1s cercana a todo lo que tenga que ver con el tema de salud. Nuestra comunidad se beneficia demasiado en el tema de la vacunaci\u00f3n. Ojal\u00e1 s\u00ed pudiesen ya tener vacunaci\u00f3n de influenza hacia toda la poblaci\u00f3n, no solamente la de riesgo, ya que siempre est\u00e1n preguntando.\u201d, explic\u00f3 la dirigente porte\u00f1a.<\/strong><\/p>\n<p>Este 21 de junio se desarrollar\u00e1n dos operativos en la comuna de Coquimbo. El primero de ellos se realizar\u00e1, desde las 10:30 a 13:30, en el Centro Comunitario de Pe\u00f1uelas, ubicado en Acapulco 3770 y durante la tarde, desde las 16:30 a 18:30, el equipo de salud estar\u00e1 en la Junta de Vecinos Las Lomas de San Ram\u00f3n, localizada en Pasaje Francisco Torrej\u00f3n 138.<\/p>\n","protected":false},"excerpt":{"rendered":"<p>La iniciativa desarrollara por la Vocer\u00eda de Gobierno y la autoridad sanitaria ha permitido trasladar a los equipos por los territorios de La Serena y Coquimbo Ad portas del inicio del inverno y del alza de las enfermedades respiratorias, la Seremi de Gobierno, Salud y las Juntas de Vecinos se<\/p>\n","protected":false},"author":1,"featured_media":3690,"comment_status":"open","ping_status":"open","sticky":false,"template":"","format":"standard","meta":{"footnotes":""},"categories":[24],"tags":[],"class_list":["post-3689","post","type-post","status-publish","format-standard","has-post-thumbnail","hentry","category-seremi-de-gobierno"],"_links":{"self":[{"href":"https:\/\/minutaregional.cl\/index.php?rest_route=\/wp\/v2\/posts\/3689","targetHints":{"allow":["GET"]}}],"collection":[{"href":"https:\/\/minutaregional.cl\/index.php?rest_route=\/wp\/v2\/posts"}],"about":[{"href":"https:\/\/minutaregional.cl\/index.php?rest_route=\/wp\/v2\/types\/post"}],"author":[{"embeddable":true,"href":"https:\/\/minutaregional.cl\/index.php?rest_route=\/wp\/v2\/users\/1"}],"replies":[{"embeddable":true,"href":"https:\/\/minutaregional.cl\/index.php?rest_route=%2Fwp%2Fv2%2Fcomments&post=3689"}],"version-history":[{"count":1,"href":"https:\/\/minutaregional.cl\/index.php?rest_route=\/wp\/v2\/posts\/3689\/revisions"}],"predecessor-version":[{"id":3691,"href":"https:\/\/minutaregional.cl\/index.php?rest_route=\/wp\/v2\/posts\/3689\/revisions\/3691"}],"wp:featuredmedia":[{"embeddable":true,"href":"https:\/\/minutaregional.cl\/index.php?rest_route=\/wp\/v2\/media\/3690"}],"wp:attachment":[{"href":"https:\/\/minutaregional.cl\/index.php?rest_route=%2Fwp%2Fv2%2Fmedia&parent=3689"}],"wp:term":[{"taxonomy":"category","embeddable":true,"href":"https:\/\/minutaregional.cl\/index.php?rest_route=%2Fwp%2Fv2%2Fcategories&post=3689"},{"taxonomy":"post_tag","embeddable":true,"href":"https:\/\/minutaregional.cl\/index.php?rest_route=%2Fwp%2Fv2%2Ftags&post=3689"}],"curies":[{"name":"wp","href":"https:\/\/api.w.org\/{rel}","templated":true}]}}