{"id":3680,"date":"2024-06-17T18:05:35","date_gmt":"2024-06-17T18:05:35","guid":{"rendered":"https:\/\/minutaregional.cl\/?p=3680"},"modified":"2024-06-17T18:05:35","modified_gmt":"2024-06-17T18:05:35","slug":"capacitan-a-lideres-vecinales-de-paihuano-en-creacion-de-planes-de-emergencia","status":"publish","type":"post","link":"https:\/\/minutaregional.cl\/?p=3680","title":{"rendered":"Capacitan a l\u00edderes vecinales de Paihuano en creaci\u00f3n de planes de emergencia"},"content":{"rendered":"<ul>\n<li><strong><em>La jornada busc\u00f3 instalar una cultura preventiva y de autocuidado para prevenir riesgos en la comunidad<\/em><\/strong><\/li>\n<\/ul>\n<p>Gracias a una alianza entre la Seremi de Gobierno, Senapred y el municipio paihuanino, m\u00e1s de 25 de dirigentes y dirigentas sociales de la comuna fueron parte de la capacitaci\u00f3n \u201cPlan Familia Preparada\u201d.<\/p>\n<p>A trav\u00e9s de una exposici\u00f3n pr\u00e1ctica y \u00fatil, los participantes recibieron conocimientos para identificar y reducir los riesgos presentes en sus hogares, en el entorno social o natural. Esto con el objetivo de que puedan elaborar de un plan que permita organizarse, prepararse y saber qu\u00e9 hacer ante una situaci\u00f3n de emergencia.<\/p>\n<p>Tras la presentaci\u00f3n, Mariela Gonz\u00e1lez, representante de la Junta de Vecinos de Quebrada de Paihuano, agradeci\u00f3 la instancia, ya que pudieron reconocer zonas de riesgo que est\u00e1n en sus entornos, lo que les permite estar prevenidos y fomentar la comunicaci\u00f3n del peligro.<\/p>\n<p><strong>\u201cNosotros tenemos un WhatsApp de la comunidad. Ya mandamos la informaci\u00f3n que mand\u00f3 Sernapred con respecto al tema de la lluvias y se le est\u00e1 pidiendo a la comunidad que tenga a un kit de emergencia en caso de necesidad de activar los protocolos, por ejemplo, por la bajada de las quebradas\u201d, expres\u00f3 Gonz\u00e1lez.<\/strong><\/p>\n<p>El inter\u00e9s por los temas de autocuidado y prevenci\u00f3n del riesgo fue valorado por la Seremi de Gobierno, Paulina Mora, quien manifest\u00f3 que es clave fomentar una cultura preventiva en las personas.<\/p>\n<p><strong>\u201cEs importante esta articulaci\u00f3n que se realiza, entre las distintas instituciones, para poder preparar a las familias, a las comunidades y a la ciudadan\u00eda, en general, para conocer qu\u00e9 tenemos que hacer frente a una situaci\u00f3n de emergencia. Creemos que estas iniciativas debemos replicarlas en todo el territorio, as\u00ed que siempre el llamado es a todas las organizaciones que puedan solicitarnos este tipo de capacitaciones. As\u00ed que estamos muy contentos primero por la asistencia, por el llamado, tambi\u00e9n, que hace el municipio y tambi\u00e9n por la diversidad de dirigentes y dirigentas que est\u00e1n presentes en esta capacitaci\u00f3n.\u201d, precis\u00f3 la Vocera Regional Paulina Mora. <\/strong><\/p>\n<p>Desde Senapred explicaron que el Plan Familia Preparada est\u00e1 constituido por una serie orientaciones y recomendaciones para la comunidad, donde se llama a todos los miembros de una familia a trabajar en su seguridad y estar mejor preparados para una emergencia a trav\u00e9s de la creaci\u00f3n de una plan, que requiere de la coordinaci\u00f3n y participaci\u00f3n de todos los integrantes del hogar.<\/p>\n<p>Los participantes valoraron el espacio de capacitaci\u00f3n, sobre todo por las condiciones clim\u00e1ticas que se pueden dar durante la temporada invernal.<\/p>\n<p><strong>\u201cHay muchas cosas que uno desconoce o no sabe c\u00f3mo actuar en un momento determinado y es una gran responsabilidad, la que nos dan como dirigentes sociales, que es ponerse en contacto con toda la comunidad para informar. Mi sector tiene alto riesgo, es de alto riesgo, inclusive hasta la sede social corre riesgo porque est\u00e1 justo a la bajada quebrada en la falda del cerro\u201d, explic\u00f3 Patria Herias, presidenta de la Junta de Vecinos La Conchina.<\/strong><\/p>\n<p>El m\u00f3dulo \u201cPlan Familia Prepada\u201d es parte de las capacitaciones que se encuentra desarrollando la Divisi\u00f3n de Organizaciones Sociales de la Seremi de Gobierno para fortalecer el rol de coordinaci\u00f3n y respuesta que tienen los dirigentes y dirigentas sociales en los territorios.<\/p>\n","protected":false},"excerpt":{"rendered":"<p>La jornada busc\u00f3 instalar una cultura preventiva y de autocuidado para prevenir riesgos en la comunidad Gracias a una alianza entre la Seremi de Gobierno, Senapred y el municipio paihuanino, m\u00e1s de 25 de dirigentes y dirigentas sociales de la comuna fueron parte de la capacitaci\u00f3n \u201cPlan Familia Preparada\u201d. A<\/p>\n","protected":false},"author":1,"featured_media":3681,"comment_status":"open","ping_status":"open","sticky":false,"template":"","format":"standard","meta":{"footnotes":""},"categories":[24],"tags":[],"class_list":["post-3680","post","type-post","status-publish","format-standard","has-post-thumbnail","hentry","category-seremi-de-gobierno"],"_links":{"self":[{"href":"https:\/\/minutaregional.cl\/index.php?rest_route=\/wp\/v2\/posts\/3680","targetHints":{"allow":["GET"]}}],"collection":[{"href":"https:\/\/minutaregional.cl\/index.php?rest_route=\/wp\/v2\/posts"}],"about":[{"href":"https:\/\/minutaregional.cl\/index.php?rest_route=\/wp\/v2\/types\/post"}],"author":[{"embeddable":true,"href":"https:\/\/minutaregional.cl\/index.php?rest_route=\/wp\/v2\/users\/1"}],"replies":[{"embeddable":true,"href":"https:\/\/minutaregional.cl\/index.php?rest_route=%2Fwp%2Fv2%2Fcomments&post=3680"}],"version-history":[{"count":1,"href":"https:\/\/minutaregional.cl\/index.php?rest_route=\/wp\/v2\/posts\/3680\/revisions"}],"predecessor-version":[{"id":3682,"href":"https:\/\/minutaregional.cl\/index.php?rest_route=\/wp\/v2\/posts\/3680\/revisions\/3682"}],"wp:featuredmedia":[{"embeddable":true,"href":"https:\/\/minutaregional.cl\/index.php?rest_route=\/wp\/v2\/media\/3681"}],"wp:attachment":[{"href":"https:\/\/minutaregional.cl\/index.php?rest_route=%2Fwp%2Fv2%2Fmedia&parent=3680"}],"wp:term":[{"taxonomy":"category","embeddable":true,"href":"https:\/\/minutaregional.cl\/index.php?rest_route=%2Fwp%2Fv2%2Fcategories&post=3680"},{"taxonomy":"post_tag","embeddable":true,"href":"https:\/\/minutaregional.cl\/index.php?rest_route=%2Fwp%2Fv2%2Ftags&post=3680"}],"curies":[{"name":"wp","href":"https:\/\/api.w.org\/{rel}","templated":true}]}}