{"id":3677,"date":"2024-06-14T17:11:22","date_gmt":"2024-06-14T17:11:22","guid":{"rendered":"https:\/\/minutaregional.cl\/?p=3677"},"modified":"2024-06-17T17:15:53","modified_gmt":"2024-06-17T17:15:53","slug":"sector-de-mineria-aumenta-su-contribucion-a-la-creacion-de-empleos-en-la-region-de-coquimbo","status":"publish","type":"post","link":"https:\/\/minutaregional.cl\/?p=3677","title":{"rendered":"Sector de Miner\u00eda aumenta su contribuci\u00f3n a la creaci\u00f3n de empleos en la Regi\u00f3n de Coquimbo"},"content":{"rendered":"<p><em>Incremento observado en el \u00faltimo trimestre del 2024, seg\u00fan los \u00faltimos datos presentados por el Observatorio Laboral Regional (OLR) de Coquimbo, a trav\u00e9s del Term\u00f3metro Laboral del mes de junio.<\/em><\/p>\n<p>Una situaci\u00f3n alentadora es la que experiment\u00f3 el sector de la Miner\u00eda en la Regi\u00f3n de Coquimbo, durante el \u00faltimo trimestre m\u00f3vil disponible; correspondiente a febrero, abril y marzo del 2024 debido a que present\u00f3 una variaci\u00f3n porcentual positiva 9,0%, en comparaci\u00f3n al mismo trimestre del a\u00f1o 2023 llegando a las 44.409 personas ocupadas en el sector minero, sector que incidi\u00f3 principalmente en el aumento del n\u00famero de ocupados en un 2,0% durante el trimestre de medici\u00f3n.<\/p>\n<p>Es importante manifestar que el sector de Miner\u00eda desde el 2019 ha experimentado el mayor incremento en su contribuci\u00f3n al empleo total, presentando una variaci\u00f3n porcentual positiva en los trimestres m\u00f3viles desde 2020.<\/p>\n<p>Mientras que los sectores del Comercio y Silvoagropecuario; dos de los principales motores de generaci\u00f3n de empleo en la regi\u00f3n, han mostrado una variaci\u00f3n negativa en la generaci\u00f3n de empleo desde 2019 hasta 2024.<\/p>\n<p>La situaci\u00f3n anterior deja entrever su relaci\u00f3n con la disminuci\u00f3n de la cantidad de ocupados en grupos ocupacionales como \u201cTrabajadores de los servicios y vendedores de comercios y mercados\u201d, quienes presentan una variaci\u00f3n negativa de 11,9%, en comparaci\u00f3n al mismo trimestre m\u00f3vil del 2019. Grupo ocupacional que adem\u00e1s se destaca por ocupar un 20,5% del empleo regional, equivalente a 77.564 personas ocupadas.<\/p>\n<p>No obstante, a pesar del escenario anteriormente se\u00f1alado, dentro de los cinco sectores productivos que destacan este trimestre del 2024, representando el 56% del empleo total en la Regi\u00f3n de Coquimbo se encuentran comercio, miner\u00eda, ense\u00f1anza; agricultura, ganader\u00eda y pesca; y construcci\u00f3n con un 18%, 11,7%, 9,5%, 8,8% y 7,9%, manteni\u00e9ndose el comercio y el sector silvoagropecuario dentro de los que mayor empleo generan en la regi\u00f3n.<\/p>\n<p>En este sentido el Seremi del Trabajo, Francisco Brizuela, destac\u00f3 el aumento de ocupados y la creaci\u00f3n de empleo durante el trimestre de medici\u00f3n y dijo que \u201cson cifras positivas desde el punto de vista del incremento del n\u00famero de personas ocupadas donde 7500 personas accedieron a un puesto de trabajo. Este es el primer aumento en el n\u00famero de ocupados luego de cuatro descensos consecutivos, por lo que es una muy buena noticia para nuestra regi\u00f3n\u201d.<\/p>\n<p><strong>\u00a0<\/strong><\/p>\n<p><strong>TASA DE DESOCUPACI\u00d3N<\/strong><\/p>\n<p>Con un total de 33.128 personas desempleadas, la tasa de desocupaci\u00f3n en la Regi\u00f3n de Coquimbo alcanz\u00f3 un 8,1%, disminuyendo en 1,2 pp. en los \u00faltimos doce meses, posicion\u00e1ndose como la s\u00e9ptima regi\u00f3n con menor tasa de desocupaci\u00f3n a nivel pa\u00eds. Contexto en el que, la tasa de desocupaci\u00f3n de mujeres alcanz\u00f3 un 8,8%, disminuyendo en 2,6 pp., mientras que en hombres present\u00f3 un 7,5%, con una disminuci\u00f3n de 0,1 pp. en doce meses. Cifras que resultan del aumento de la fuerza de trabajo en 1,1% y 0,5% respectivamente.<\/p>\n<p>Al respecto, la directora del OLR de Coquimbo, Karen Vargas Santander, explica que \u201cpodemos ver que, a pesar de las variaciones negativas en el empleo de algunos sectores econ\u00f3micos como lo son el sector Comercio y el sector Silvoagropecuario, en t\u00e9rminos generales, tenemos una disminuci\u00f3n en la tasa de desocupaci\u00f3n, lo que es indicativo de movilidad entre los sectores de la econom\u00eda regional, debido al aumento en el sector Miner\u00eda. La disminuci\u00f3n en la tasa de desocupaci\u00f3n, en especial de las mujeres, es beneficioso para la estabilidad econ\u00f3mica social e individual\u00bb, se\u00f1al\u00f3.<\/p>\n<p>El Term\u00f3metro Laboral es un documento que mensualmente elaboran las y los profesionales del Observatorio Laboral de Coquimbo, una iniciativa ejecutada por la Escuela de Ciencias Empresariales de la Universidad Cat\u00f3lica del Norte y financiada por la Subsecretar\u00eda del Trabajo, en el marco de la Estrategia Nacional de Prospecci\u00f3n Laboral.<\/p>\n","protected":false},"excerpt":{"rendered":"<p>Incremento observado en el \u00faltimo trimestre del 2024, seg\u00fan los \u00faltimos datos presentados por el Observatorio Laboral Regional (OLR) de Coquimbo, a trav\u00e9s del Term\u00f3metro Laboral del mes de junio. Una situaci\u00f3n alentadora es la que experiment\u00f3 el sector de la Miner\u00eda en la Regi\u00f3n de Coquimbo, durante el \u00faltimo<\/p>\n","protected":false},"author":1,"featured_media":3678,"comment_status":"open","ping_status":"open","sticky":false,"template":"","format":"standard","meta":{"footnotes":""},"categories":[1],"tags":[],"class_list":["post-3677","post","type-post","status-publish","format-standard","has-post-thumbnail","hentry","category-noticias-regionales"],"_links":{"self":[{"href":"https:\/\/minutaregional.cl\/index.php?rest_route=\/wp\/v2\/posts\/3677","targetHints":{"allow":["GET"]}}],"collection":[{"href":"https:\/\/minutaregional.cl\/index.php?rest_route=\/wp\/v2\/posts"}],"about":[{"href":"https:\/\/minutaregional.cl\/index.php?rest_route=\/wp\/v2\/types\/post"}],"author":[{"embeddable":true,"href":"https:\/\/minutaregional.cl\/index.php?rest_route=\/wp\/v2\/users\/1"}],"replies":[{"embeddable":true,"href":"https:\/\/minutaregional.cl\/index.php?rest_route=%2Fwp%2Fv2%2Fcomments&post=3677"}],"version-history":[{"count":1,"href":"https:\/\/minutaregional.cl\/index.php?rest_route=\/wp\/v2\/posts\/3677\/revisions"}],"predecessor-version":[{"id":3679,"href":"https:\/\/minutaregional.cl\/index.php?rest_route=\/wp\/v2\/posts\/3677\/revisions\/3679"}],"wp:featuredmedia":[{"embeddable":true,"href":"https:\/\/minutaregional.cl\/index.php?rest_route=\/wp\/v2\/media\/3678"}],"wp:attachment":[{"href":"https:\/\/minutaregional.cl\/index.php?rest_route=%2Fwp%2Fv2%2Fmedia&parent=3677"}],"wp:term":[{"taxonomy":"category","embeddable":true,"href":"https:\/\/minutaregional.cl\/index.php?rest_route=%2Fwp%2Fv2%2Fcategories&post=3677"},{"taxonomy":"post_tag","embeddable":true,"href":"https:\/\/minutaregional.cl\/index.php?rest_route=%2Fwp%2Fv2%2Ftags&post=3677"}],"curies":[{"name":"wp","href":"https:\/\/api.w.org\/{rel}","templated":true}]}}