{"id":3660,"date":"2024-06-11T14:07:10","date_gmt":"2024-06-11T14:07:10","guid":{"rendered":"https:\/\/minutaregional.cl\/?p=3660"},"modified":"2024-06-14T14:12:39","modified_gmt":"2024-06-14T14:12:39","slug":"empresa-de-salamanca-recibe-el-sello-40-horas","status":"publish","type":"post","link":"https:\/\/minutaregional.cl\/?p=3660","title":{"rendered":"Empresa de Salamanca recibe el Sello 40 horas"},"content":{"rendered":"<ul>\n<li><strong><em>En Choapa ya son 5 las empresas que han recibido el reconocimiento del Ministerio del Trabajo<\/em><\/strong><\/li>\n<\/ul>\n<p><strong>La Sociedad Prevensalud y Compa\u00f1\u00eda LTDA se convirti\u00f3 en la empresa n\u00famero 25 que recibe el Sello 40 Horas por parte del Ministerio del Trabajo y que reconoce a los empleadores que se adelantan en la implementaci\u00f3n de la reducci\u00f3n de la jornada laboral a 40 horas.<\/strong><\/p>\n<p><strong>Al respecto el Seremi del Trabajo, Francisco Brizuela, destac\u00f3 la iniciativa de la empresa y dijo que \u201cfelicitamos a la empresa PrevenSalud por haberse atrevido a dar este paso de la reducci\u00f3n de la jornada laboral donde los trabajadores y trabajadoras son quienes se ven beneficiados con esta iniciativa y se genera un compromiso con el trabajo que es muy importante para el desarrollo de las empresas\u201d.<\/strong><\/p>\n<p><strong>Mientras que Marcelino \u00c1lvarez, representante de la empresa PrevenSalud, manifest\u00f3 su satisfacci\u00f3n por el reconocimiento recibido y expres\u00f3 que \u201ces un gran agrado llegar a cumplir las 40 horas, especialmente para las personas que colaboran en la empresa. Puedo transmitir que ellos est\u00e1n muy contentos de poder acceder a una jornada de 40 horas semanales, porque tienen la satisfacci\u00f3n de poder llegar m\u00e1s temprano a sus casas, estar con sus hijos y tener una mejor calidad de vida\u201d.<\/strong><\/p>\n<p><strong>En Choapa ya son 5 las empresas que han recibido el Sello 40 Horas, donde Prevensalud se suma a las empresas River Valley de Illapel, Somincab de Canela, Consultor\u00eda y Gesti\u00f3n Tecnol\u00f3gica de Diego Osvaldo M\u00e1nquez Villalobos de Illapel y Soldadura y Construcciones Jorge Mondaca de Salamanca.<\/strong><\/p>\n<p><strong>Ley de 40 Horas contempla que este a\u00f1o la jornada laboral se reduce de 45 a 44 horas de forma obligatoria. A esto se suma, en abril de 2026, una disminuci\u00f3n a 42 horas y, luego, en 2028, que ser\u00e1 cuando la ley entre completamente en r\u00e9gimen, a 40 horas. Sin perjuicio de lo anterior, las empresas pueden implementar las 40 horas voluntariamente desde ya y sin esperar la gradualidad. <\/strong><\/p>\n<p><strong>Las empresas pueden postular al \u201cSello 40 Horas\u201d en el sitio web del Ministerio del Trabajo y Previsi\u00f3n Social. Con esto se inicia un proceso de evaluaci\u00f3n que considera requisitos como tener contratado, conforme a la normativa del C\u00f3digo del Trabajo, a lo menos el 80% de los trabajadores con una jornada ordinaria que no supere las 40 horas y que no sea menor a 30 horas semanales; no haber sido condenada por vulneraci\u00f3n de derechos fundamentales y estar al d\u00eda en el pago de las obligaciones previsionales de los trabajadores.<\/strong><\/p>\n","protected":false},"excerpt":{"rendered":"<p>En Choapa ya son 5 las empresas que han recibido el reconocimiento del Ministerio del Trabajo La Sociedad Prevensalud y Compa\u00f1\u00eda LTDA se convirti\u00f3 en la empresa n\u00famero 25 que recibe el Sello 40 Horas por parte del Ministerio del Trabajo y que reconoce a los empleadores que se adelantan<\/p>\n","protected":false},"author":1,"featured_media":3663,"comment_status":"open","ping_status":"open","sticky":false,"template":"","format":"standard","meta":{"footnotes":""},"categories":[1],"tags":[],"class_list":["post-3660","post","type-post","status-publish","format-standard","has-post-thumbnail","hentry","category-noticias-regionales"],"_links":{"self":[{"href":"https:\/\/minutaregional.cl\/index.php?rest_route=\/wp\/v2\/posts\/3660","targetHints":{"allow":["GET"]}}],"collection":[{"href":"https:\/\/minutaregional.cl\/index.php?rest_route=\/wp\/v2\/posts"}],"about":[{"href":"https:\/\/minutaregional.cl\/index.php?rest_route=\/wp\/v2\/types\/post"}],"author":[{"embeddable":true,"href":"https:\/\/minutaregional.cl\/index.php?rest_route=\/wp\/v2\/users\/1"}],"replies":[{"embeddable":true,"href":"https:\/\/minutaregional.cl\/index.php?rest_route=%2Fwp%2Fv2%2Fcomments&post=3660"}],"version-history":[{"count":1,"href":"https:\/\/minutaregional.cl\/index.php?rest_route=\/wp\/v2\/posts\/3660\/revisions"}],"predecessor-version":[{"id":3662,"href":"https:\/\/minutaregional.cl\/index.php?rest_route=\/wp\/v2\/posts\/3660\/revisions\/3662"}],"wp:featuredmedia":[{"embeddable":true,"href":"https:\/\/minutaregional.cl\/index.php?rest_route=\/wp\/v2\/media\/3663"}],"wp:attachment":[{"href":"https:\/\/minutaregional.cl\/index.php?rest_route=%2Fwp%2Fv2%2Fmedia&parent=3660"}],"wp:term":[{"taxonomy":"category","embeddable":true,"href":"https:\/\/minutaregional.cl\/index.php?rest_route=%2Fwp%2Fv2%2Fcategories&post=3660"},{"taxonomy":"post_tag","embeddable":true,"href":"https:\/\/minutaregional.cl\/index.php?rest_route=%2Fwp%2Fv2%2Ftags&post=3660"}],"curies":[{"name":"wp","href":"https:\/\/api.w.org\/{rel}","templated":true}]}}