{"id":3645,"date":"2024-06-11T16:07:38","date_gmt":"2024-06-11T16:07:38","guid":{"rendered":"https:\/\/minutaregional.cl\/?p=3645"},"modified":"2024-06-11T16:07:38","modified_gmt":"2024-06-11T16:07:38","slug":"ministerio-de-agricultura-se-despliega-en-provincia-de-limari-y-anuncia-incentivos-para-casi-2-mil-agricultores","status":"publish","type":"post","link":"https:\/\/minutaregional.cl\/?p=3645","title":{"rendered":"Ministerio de Agricultura se despliega en provincia de Limar\u00ed y anuncia incentivos para casi 2 mil agricultores"},"content":{"rendered":"<p><em>Autoridades del ministerio de Agricultura encabezados por el ministro Esteban Valenzuela visitaron la provincia de Limar\u00ed en Coquimbo y anunciaron apoyo en materia de subsistencia animal, riego, e infraestructura h\u00eddrica, ente otros.<\/em><\/p>\n<p>Vamos a tener un r\u00e9cord de proyectos de riego este a\u00f1o en la regi\u00f3n de Coquimbo, de tecnificaci\u00f3n de la agricultura familiar campesina y se encuentra el director de la CNR porque hemos estado junto al ministerio de obras p\u00fablicas, la DGA y la DOH en todo un trabajo y di\u00e1logo con los alcaldes y las campesinas y campesinos para poder reponer en ciertos casos riego importante para el sector hort\u00edcola y tambi\u00e9n frutero y eso se tiene que hacer con mucha corresponsabilidad\u201d, con estas palabras, el ministro de Agricultura, Esteban Valenzuela comprometi\u00f3 ayuda a los agricultores de la regi\u00f3n de Coquimbo.<\/p>\n<p>La situaci\u00f3n que est\u00e1 viviendo la provincia de Limar\u00ed se ha transformado en una crisis agr\u00edcola y social que tiene repercusiones en la calidad de vida de sus habitantes. En este sentido, es clave abordar las distintas dimensiones de esta crisis, m\u00e1s all\u00e1 del abastecimiento de agua para la ciudad de Ovalle, incluyendo la mitigaci\u00f3n de da\u00f1os para las 55.856 personas que viven en sectores rurales de la provincia, a los cuales debemos asegurar el consumo humano y sus condiciones b\u00e1sicas de subsistencia, la cuales est\u00e1n \u00edntimamente ligadas a la actividad agr\u00edcola.<\/p>\n<p>La agricultura, ganader\u00eda y silvicultura generan m\u00e1s del 10% de empleos en la Regi\u00f3n de Coquimbo y representan el 40% de las empresas existentes. En el \u00e1mbito productivo, predomina la existencia de explotaciones con un tama\u00f1o inferior a 50 hect\u00e1reas, concentrando el 83,6% del total.<\/p>\n<p>El Delegado Presidencial Regional de Coquimbo, Galo Luna destac\u00f3 la preocupaci\u00f3n que ha mostrado el ministerio por la regi\u00f3n y dijo que \u201cel ministro de agricultura ha estado permanentemente en nuestra regi\u00f3n, visit\u00e1ndola tal como lo amerita la situaci\u00f3n que estamos viviendo. Una crisis como esta que tiene una afectaci\u00f3n no solo en la disponibilidad del recurso para el consumo humano, sino que tambi\u00e9n en lo social y productivo y eso requiere que nuestras autoridades est\u00e9n permanentemente en terreno recogiendo las inquietudes del mundo agr\u00edcola para poder ir emanando las distintas medidas que van a permitir mitigar esta crisis en el corto, mediano y largo plazo\u201d.<\/p>\n<h2>Apoyo ministerial<\/h2>\n<p>Por su parte, la Comisi\u00f3n Nacional de Riego (CNR) e INDAP se han desplegado en la provincia del Limar\u00ed con ayudas tangibles para los agricultores a trav\u00e9s de apoyo en el aprovechamiento del agua y forraje animal entre otras ayudas.<\/p>\n<p>El ministro Valenzuela destac\u00f3 el trabajo que se ha realizado durante los \u00faltimos a\u00f1os y dijo que \u201cen diciembre y enero se hicieron las primeras entregas de alimentaci\u00f3n a los crianceros y ahora con el director nacional de INDAP hacemos una segunda entrega con m\u00e1s de 2.500 beneficiarios de este proceso. Vendr\u00e1n otros si la crisis contin\u00faa y a su vez hemos fortalecido el trabajo con las comunidades agr\u00edcolas y tambi\u00e9n redireccionando recursos en riego.<\/p>\n<p>En esa l\u00ednea, el director nacional del INDAP, Santiago Rojas se\u00f1al\u00f3 que este servicio \u201cha estado desplegados y realizando acciones concretas para enfrentar la crisis h\u00eddrica que enfrenta la regi\u00f3n de Coquimbo y en particular, la provincia del Limar\u00ed. En este contexto son buenas noticias las que destacaba el ministro, la bajada de m\u00e1s de $380 millones para m\u00e1s de 2.500 peque\u00f1os productores, entre ellos crianceros, pero tambi\u00e9n apicultores y agricultores\u201d.<\/p>\n<p>El incentivo de INDAP es para 1.920 usuarios y de hasta $200.000 por usuario\/a en dinero o especie, para la entrega de alimentaci\u00f3n animal y ap\u00edcola (fardos, bolos, concentrados, fructosa u otros), suministros para el tratamiento animal o ap\u00edcola, as\u00ed como insumos, bienes, equipamiento, estanques de agua, u otros que se requieran para la subsistencia productiva silvoagropecuaria de los afectados por la sequ\u00eda y d\u00e9ficit h\u00eddrico; en base al catastro elaborado por la regi\u00f3n y la disponibilidad presupuestaria.<\/p>\n<p>Adem\u00e1s, el director ejecutivo de la CNR, Wilson Ureta se refiri\u00f3 a la especial preocupaci\u00f3n que ha mostrado este servicio por esta regi\u00f3n. \u201cDada la crisis h\u00eddrica en Coquimbo, la CNR este a\u00f1o aument\u00f3 su presupuesto en la regi\u00f3n en un 50% pasando de $12 mil millones a $18 mil millones, lo que es muy relevante porque cada gota de agua que hoy escasea en la regi\u00f3n hay que ocuparla de la mejor forma posible, en obras civiles y en proyectos de tecnificaci\u00f3n\u201d, se\u00f1al\u00f3.<\/p>\n<p>&nbsp;<\/p>\n<h2>Despliegue en Limar\u00ed<\/h2>\n<p>Durante la jornada, el ministro Esteban Valenzuela tambi\u00e9n particip\u00f3 en la entrega del Catastro para Ayudas de Emergencia de Subsistencia Agr\u00edcola y Animal; en la Reuni\u00f3n de la mesa de trabajo del riego, donde se convers\u00f3 acerca de los proyectos de pozos para extracci\u00f3n de aguas subterr\u00e1neas en la Provincia de Limar\u00ed; y en la Mesa del Pisco en la que se analiz\u00f3 la situaci\u00f3n actual de la industria del pisco y sus contingencias debido a crisis h\u00eddrica que padece la regi\u00f3n.<\/p>\n<p>&nbsp;<\/p>\n","protected":false},"excerpt":{"rendered":"<p>Autoridades del ministerio de Agricultura encabezados por el ministro Esteban Valenzuela visitaron la provincia de Limar\u00ed en Coquimbo y anunciaron apoyo en materia de subsistencia animal, riego, e infraestructura h\u00eddrica, ente otros. Vamos a tener un r\u00e9cord de proyectos de riego este a\u00f1o en la regi\u00f3n de Coquimbo, de tecnificaci\u00f3n<\/p>\n","protected":false},"author":1,"featured_media":3646,"comment_status":"open","ping_status":"open","sticky":false,"template":"","format":"standard","meta":{"footnotes":""},"categories":[52],"tags":[],"class_list":["post-3645","post","type-post","status-publish","format-standard","has-post-thumbnail","hentry","category-dpr-coquimbo"],"_links":{"self":[{"href":"https:\/\/minutaregional.cl\/index.php?rest_route=\/wp\/v2\/posts\/3645","targetHints":{"allow":["GET"]}}],"collection":[{"href":"https:\/\/minutaregional.cl\/index.php?rest_route=\/wp\/v2\/posts"}],"about":[{"href":"https:\/\/minutaregional.cl\/index.php?rest_route=\/wp\/v2\/types\/post"}],"author":[{"embeddable":true,"href":"https:\/\/minutaregional.cl\/index.php?rest_route=\/wp\/v2\/users\/1"}],"replies":[{"embeddable":true,"href":"https:\/\/minutaregional.cl\/index.php?rest_route=%2Fwp%2Fv2%2Fcomments&post=3645"}],"version-history":[{"count":1,"href":"https:\/\/minutaregional.cl\/index.php?rest_route=\/wp\/v2\/posts\/3645\/revisions"}],"predecessor-version":[{"id":3647,"href":"https:\/\/minutaregional.cl\/index.php?rest_route=\/wp\/v2\/posts\/3645\/revisions\/3647"}],"wp:featuredmedia":[{"embeddable":true,"href":"https:\/\/minutaregional.cl\/index.php?rest_route=\/wp\/v2\/media\/3646"}],"wp:attachment":[{"href":"https:\/\/minutaregional.cl\/index.php?rest_route=%2Fwp%2Fv2%2Fmedia&parent=3645"}],"wp:term":[{"taxonomy":"category","embeddable":true,"href":"https:\/\/minutaregional.cl\/index.php?rest_route=%2Fwp%2Fv2%2Fcategories&post=3645"},{"taxonomy":"post_tag","embeddable":true,"href":"https:\/\/minutaregional.cl\/index.php?rest_route=%2Fwp%2Fv2%2Ftags&post=3645"}],"curies":[{"name":"wp","href":"https:\/\/api.w.org\/{rel}","templated":true}]}}