{"id":3641,"date":"2024-06-10T19:25:08","date_gmt":"2024-06-10T19:25:08","guid":{"rendered":"https:\/\/minutaregional.cl\/?p=3641"},"modified":"2024-06-10T19:25:08","modified_gmt":"2024-06-10T19:25:08","slug":"direccion-de-obras-portuarias-del-mop-obtiene-luz-verde-para-cambiar-la-cara-costera-de-los-vilos","status":"publish","type":"post","link":"https:\/\/minutaregional.cl\/?p=3641","title":{"rendered":"Direcci\u00f3n de Obras Portuarias del MOP obtiene luz verde para cambiar la cara costera de Los Vilos"},"content":{"rendered":"<ul>\n<li><strong><em>El Servicio, dependiente del MOP, obtuvo la recomendaci\u00f3n favorable por parte del Ministerio de Desarrollo Social y Familia para intervenir el borde costero de Los Vilos. El proyecto buscar\u00e1 recuperar la playa grande y generar medidas de protecci\u00f3n costera ante los impactos del cambio clim\u00e1tico, adem\u00e1s de fomentar el turismo y el desarrollo urbano de la comuna.<\/em><\/strong><\/li>\n<\/ul>\n<p><strong><em>\u00a0<\/em><\/strong>La Direcci\u00f3n de Obras Portuarias (DOP) del Ministerio de Obras P\u00fablicas (MOP) obtuvo la recomendaci\u00f3n t\u00e9cnica favorable del Ministerio de Desarrollo Social y Familia para intervenir el borde costero de Los Vilos. El proyecto en cuesti\u00f3n abarcar\u00e1 la playa principal, desde la caleta San Pedro hasta el Buzo escafandra, y buscar\u00e1 conservar y regenerar los espacios costeros para que act\u00faen como barrera natural ante los impactos del cambio clim\u00e1tico, adem\u00e1s de promover el turismo local y el desarrollo urbano.<\/p>\n<p>As\u00ed, el proyecto, que parte desde el diagn\u00f3stico de que la playa presenta indicios de erosi\u00f3n costera que se acent\u00faa con las marejadas y tormentas, se basar\u00e1 en tres ejes principales: defensa costera, respetar y habilitar el h\u00e1bitat para la flora y fauna silvestre, y generar zonas de esparcimiento y uso social.<\/p>\n<p>Para esto, la DOP generar\u00e1 dise\u00f1os de obras que puedan mitigar los efectos de la naturaleza para la protecci\u00f3n de la infraestructura del borde costero y de las viviendas aleda\u00f1as, con lo que se complementar\u00e1 el desarrollo urban\u00edstico del sector y potenciar\u00e1 el turismo. Este dise\u00f1o, se estima que se realizar\u00e1 en cinco etapas.<\/p>\n<p>El alcalde de Los Vilos, Christian Gross, valor\u00f3 la obtenci\u00f3n de la recomendaci\u00f3n satisfactoria por parte del ministerio de Desarrollo Social y Familia: \u201cEstamos hablando de un proyecto que es muy significativo y que va a cambiar la cara de Los Vilos. Por lo tanto, agradecemos a la ministra de Obras P\u00fablicas, Jessica L\u00f3pez, al gobierno del presidente Gabriel Boric, a las autoridades regionales y nacionales de la DOP, porque, efectivamente, golpeamos la puerta del gobierno y hoy vemos que nos escuch\u00f3, que efectivamente se est\u00e1 direccionando un proyecto que es significativo para Los Vilos, que es la puerta de entrada a la regi\u00f3n de Coquimbo y que, sin duda, es muy esperado\u201d.<\/p>\n<p>En tanto, el Director Nacional de la Direcci\u00f3n de Obras Portuarias llam\u00f3 la atenci\u00f3n sobre el beneficio que traer\u00e1 el proyecto para la comuna: \u201cValoramos enormemente la obtenci\u00f3n de la recomendaci\u00f3n satisfactoria por parte del ministerio de Desarrollo Social y Familia, ya que, adem\u00e1s de mejorar la cara costera de Los Vilos, y de mitigar los efectos del cambio clim\u00e1tico, este proyecto potenciar\u00e1 el desarrollo urbano y tur\u00edstico de la zona, lo que mejorar\u00e1 la vida de todas y todos los habitantes de la comuna\u201d.<\/p>\n","protected":false},"excerpt":{"rendered":"<p>El Servicio, dependiente del MOP, obtuvo la recomendaci\u00f3n favorable por parte del Ministerio de Desarrollo Social y Familia para intervenir el borde costero de Los Vilos. El proyecto buscar\u00e1 recuperar la playa grande y generar medidas de protecci\u00f3n costera ante los impactos del cambio clim\u00e1tico, adem\u00e1s de fomentar el turismo<\/p>\n","protected":false},"author":1,"featured_media":3642,"comment_status":"open","ping_status":"open","sticky":false,"template":"","format":"standard","meta":{"footnotes":""},"categories":[7],"tags":[],"class_list":["post-3641","post","type-post","status-publish","format-standard","has-post-thumbnail","hentry","category-serviciospublicos"],"_links":{"self":[{"href":"https:\/\/minutaregional.cl\/index.php?rest_route=\/wp\/v2\/posts\/3641","targetHints":{"allow":["GET"]}}],"collection":[{"href":"https:\/\/minutaregional.cl\/index.php?rest_route=\/wp\/v2\/posts"}],"about":[{"href":"https:\/\/minutaregional.cl\/index.php?rest_route=\/wp\/v2\/types\/post"}],"author":[{"embeddable":true,"href":"https:\/\/minutaregional.cl\/index.php?rest_route=\/wp\/v2\/users\/1"}],"replies":[{"embeddable":true,"href":"https:\/\/minutaregional.cl\/index.php?rest_route=%2Fwp%2Fv2%2Fcomments&post=3641"}],"version-history":[{"count":1,"href":"https:\/\/minutaregional.cl\/index.php?rest_route=\/wp\/v2\/posts\/3641\/revisions"}],"predecessor-version":[{"id":3643,"href":"https:\/\/minutaregional.cl\/index.php?rest_route=\/wp\/v2\/posts\/3641\/revisions\/3643"}],"wp:featuredmedia":[{"embeddable":true,"href":"https:\/\/minutaregional.cl\/index.php?rest_route=\/wp\/v2\/media\/3642"}],"wp:attachment":[{"href":"https:\/\/minutaregional.cl\/index.php?rest_route=%2Fwp%2Fv2%2Fmedia&parent=3641"}],"wp:term":[{"taxonomy":"category","embeddable":true,"href":"https:\/\/minutaregional.cl\/index.php?rest_route=%2Fwp%2Fv2%2Fcategories&post=3641"},{"taxonomy":"post_tag","embeddable":true,"href":"https:\/\/minutaregional.cl\/index.php?rest_route=%2Fwp%2Fv2%2Ftags&post=3641"}],"curies":[{"name":"wp","href":"https:\/\/api.w.org\/{rel}","templated":true}]}}