{"id":3632,"date":"2024-06-07T16:11:16","date_gmt":"2024-06-07T16:11:16","guid":{"rendered":"https:\/\/minutaregional.cl\/?p=3632"},"modified":"2024-06-07T16:11:16","modified_gmt":"2024-06-07T16:11:16","slug":"promueven-derecho-laboral-de-medio-dia-para-realizar-proceso-de-vacunacion","status":"publish","type":"post","link":"https:\/\/minutaregional.cl\/?p=3632","title":{"rendered":"Promueven derecho laboral de medio d\u00eda para realizar proceso de vacunaci\u00f3n"},"content":{"rendered":"<ul>\n<li><strong><em>Se debe avisar con 48 horas de anticipaci\u00f3n al empleador. <\/em><\/strong><\/li>\n<\/ul>\n<p><strong>\u00a0<\/strong><\/p>\n<p>Un llamado en conjunto realizaron desde el sector salud y trabajo para que los empleadores entreguen el permiso laboral de medio d\u00eda, para que los trabajadores puedan acudir a vacunarse.<\/p>\n<p>&nbsp;<\/p>\n<p>Este permiso nace en el marco de la Ley 21.347, la cual promueve la inmunizaci\u00f3n a trav\u00e9s de vacunas u otros medios, para el control y prevenci\u00f3n de enfermedades transmisibles.<\/p>\n<p>&nbsp;<\/p>\n<p>En este contexto, la Seremi de Salud, Dra. Paola Salas, junto a su par de Trabajo y Previsi\u00f3n Social, Francisco Brizuela visitaron la empresa Verlan de La Serena, con el objetivo de promover el permiso laboral de vacunaci\u00f3n, y adem\u00e1s, realizar un operativo contra la Influenza.<\/p>\n<p>&nbsp;<\/p>\n<p>\u201cEl trabajador tiene protestad de solicitar permiso por medio laboral, pero tiene que darle aviso a su empleador por 2 d\u00edas antes, para que se puedan planificar estas salidas, y en ese tiempo acudir a uno de los 70 vacunatorios que tenemos en la regi\u00f3n. Uno de los pilares fundamentales de las empresas es el capital humano, porque si cuidamos a las personas protegemos nuestro trabajo. Lo m\u00e1s importante es tener a las personas sanas.\u00a0 La idea es que los lugares de trabajo sean seguros, sanos y preparados\u201d, explic\u00f3 la Autoridad Sanitaria Regional.<\/p>\n<p>&nbsp;<\/p>\n<p>De acuerdo con la normativa para poder tener este derecho, el trabajador debe estar dentro de la poblaci\u00f3n priorizada en la campa\u00f1a sanitaria y adem\u00e1s, avisar al empleador con 48 horas de anticipaci\u00f3n.<\/p>\n<p>&nbsp;<\/p>\n<p>Al respecto, el Seremi del Trabajo y Previsi\u00f3n Social, Francisco Brizuela realiz\u00f3 un llamado a los empleadores a entregar este permiso para apoyar el proceso de vacunaci\u00f3n \u201cSe debe instalar una cultura preventiva para evitar contagios al interior de las faenas, las campa\u00f1as de vacunaci\u00f3n son un elemento fundamental para alcanzar este objetivo. Hacemos el llamado para que empleadores y tambi\u00e9n a los trabajadores para que soliciten su permiso para la vacunaci\u00f3n\u201d, explic\u00f3.<\/p>\n<p>&nbsp;<\/p>\n<p>Finalmente, Mauro Rizzoli, Representante de la empresa Verlan, expres\u00f3 que \u201cEs importante que las empresas den las facilidades para que la gente se pueda vacunar, porque salimos ganando todos, tiempos de licencias o enfermedades\u201d sostuvo.<\/p>\n<p>&nbsp;<\/p>\n<p><strong>Vacunaci\u00f3n llega al 68%<\/strong><\/p>\n<p>&nbsp;<\/p>\n<p>En tanto, la campa\u00f1a de vacunaci\u00f3n contra la Influenza cuenta con m\u00e1s de 287.494 personas vacunadas lo que corresponde al 68% de la poblaci\u00f3n prioritaria.<\/p>\n<p>&nbsp;<\/p>\n<p>En cuanto a los grupos de riesgo, los adultos mayores, los ni\u00f1os entre 6 meses a 5 a\u00f1os y las embarazadas presentan las m\u00e1s bajas coberturas con un 54%, 61% y 41%, respectivamente.<\/p>\n","protected":false},"excerpt":{"rendered":"<p>Se debe avisar con 48 horas de anticipaci\u00f3n al empleador. \u00a0 Un llamado en conjunto realizaron desde el sector salud y trabajo para que los empleadores entreguen el permiso laboral de medio d\u00eda, para que los trabajadores puedan acudir a vacunarse. &nbsp; Este permiso nace en el marco de la<\/p>\n","protected":false},"author":1,"featured_media":3633,"comment_status":"open","ping_status":"open","sticky":false,"template":"","format":"standard","meta":{"footnotes":""},"categories":[1],"tags":[],"class_list":["post-3632","post","type-post","status-publish","format-standard","has-post-thumbnail","hentry","category-noticias-regionales"],"_links":{"self":[{"href":"https:\/\/minutaregional.cl\/index.php?rest_route=\/wp\/v2\/posts\/3632","targetHints":{"allow":["GET"]}}],"collection":[{"href":"https:\/\/minutaregional.cl\/index.php?rest_route=\/wp\/v2\/posts"}],"about":[{"href":"https:\/\/minutaregional.cl\/index.php?rest_route=\/wp\/v2\/types\/post"}],"author":[{"embeddable":true,"href":"https:\/\/minutaregional.cl\/index.php?rest_route=\/wp\/v2\/users\/1"}],"replies":[{"embeddable":true,"href":"https:\/\/minutaregional.cl\/index.php?rest_route=%2Fwp%2Fv2%2Fcomments&post=3632"}],"version-history":[{"count":1,"href":"https:\/\/minutaregional.cl\/index.php?rest_route=\/wp\/v2\/posts\/3632\/revisions"}],"predecessor-version":[{"id":3634,"href":"https:\/\/minutaregional.cl\/index.php?rest_route=\/wp\/v2\/posts\/3632\/revisions\/3634"}],"wp:featuredmedia":[{"embeddable":true,"href":"https:\/\/minutaregional.cl\/index.php?rest_route=\/wp\/v2\/media\/3633"}],"wp:attachment":[{"href":"https:\/\/minutaregional.cl\/index.php?rest_route=%2Fwp%2Fv2%2Fmedia&parent=3632"}],"wp:term":[{"taxonomy":"category","embeddable":true,"href":"https:\/\/minutaregional.cl\/index.php?rest_route=%2Fwp%2Fv2%2Fcategories&post=3632"},{"taxonomy":"post_tag","embeddable":true,"href":"https:\/\/minutaregional.cl\/index.php?rest_route=%2Fwp%2Fv2%2Ftags&post=3632"}],"curies":[{"name":"wp","href":"https:\/\/api.w.org\/{rel}","templated":true}]}}