{"id":3613,"date":"2024-06-05T16:18:04","date_gmt":"2024-06-05T16:18:04","guid":{"rendered":"https:\/\/minutaregional.cl\/?p=3613"},"modified":"2024-06-05T16:18:04","modified_gmt":"2024-06-05T16:18:04","slug":"habilitan-nuevo-punto-de-vacunacion-para-los-vecinos-de-el-milagro","status":"publish","type":"post","link":"https:\/\/minutaregional.cl\/?p=3613","title":{"rendered":"Habilitan nuevo punto de vacunaci\u00f3n para los vecinos de El Milagro"},"content":{"rendered":"<ul>\n<li><strong><em>Como parte de la estrategia local de inmunizaci\u00f3n, La Serena dispondr\u00e1 de nuevos espacios extramuros y de la operatividad de las cl\u00ednicas m\u00f3viles que, en febrero de este a\u00f1o, comenzaron a funcionar, para llevar a cabo la tarea de proteger a la poblaci\u00f3n de las infecciones respiratorias.<\/em><\/strong><\/li>\n<\/ul>\n<p>Con motivo de reforzar la Campa\u00f1a de Invierno del Ministerio de Salud, los equipos de inoculaci\u00f3n de la Atenci\u00f3n Primaria de La Serena, se encuentran disponibles en distintos sectores del territorio, con el objetivo de prevenir la propagaci\u00f3n de contagios por COVID e Influenza, junto con cuidar a las personas mayores de las enfermedades neumoc\u00f3cicas.<\/p>\n<p>A un costado del supermercado L\u00edder, en calle Guillermo Ulriksen 3128, a partir de junio, se ha habilitado un nuevo punto de vacunaci\u00f3n en el sector oriente de la ciudad. Se trata de la apertura de un box, gracias al patrocinio de la cl\u00ednica de urgencias DocDoc, dirigida por el Dr. Pablo Millaleo, quien facilit\u00f3 este espacio para que el p\u00fablico pueda recibir este servicio de manera gratuita.<\/p>\n<p>En la instancia, estuvieron presentes la Seremi de Gobierno, Paulina Mora; junto a la titular de Salud, Paola Salas; y el director del Departamento de Salud de la Corporaci\u00f3n Municipal Gabriel Gonz\u00e1lez Videla, Rodrigo Fern\u00e1ndez; acompa\u00f1ado de coordinadores de Salud y equipo comunal de vacunaci\u00f3n.<\/p>\n<p>Respecto al trabajo coordinado entre las distintas entidades, la Seremi de Gobierno, Paulina Mora, destac\u00f3 \u201cagradecer a la Seremi de Salud, a Pablo Millaleo y a la Corporaci\u00f3n Municipal de La Serena, por hacer posible este espacio. Este es el impulso que como gobierno queremos dar, precisamente para el cuidado de las personas de nuestra regi\u00f3n. La vinculaci\u00f3n p\u00fablico- privada, es sumamente importante para dar respuesta. Y eso tiene una base y principio de solidaridad\u201d.<\/p>\n<p>Por su parte, la Seremi de Salud, Paola Salas, se refiri\u00f3 a la viabilidad de entregar cobertura a la poblaci\u00f3n del sector oriente de la comuna. \u201cHemos hecho factible que un punto de vacunaci\u00f3n est\u00e9 en una cl\u00ednica de car\u00e1cter privado, pero siendo atendido por funcionarios que son del \u00e1rea de la salud municipal. Adem\u00e1s, esta \u00e1rea de la ciudad no cuenta con un consultorio, por lo que estamos muy contentos de poder invitar a la poblaci\u00f3n a vacunarse, de lunes a viernes, de 10:00 a 13:00 horas y de 14:00 a 16:00 horas.<\/p>\n<p>Rodrigo Fern\u00e1ndez, director del Departamento de Salud de la Corporaci\u00f3n Municipal Gabriel Gonz\u00e1lez Videla, reiter\u00f3 el llamado a la poblaci\u00f3n objetivo a vacunarse ante la contingencia y eventual contagio, principalmente, por influenza. \u201cEstamos abriendo un nuevo punto de vacunaci\u00f3n en La Serena, el cual ha sido una gesti\u00f3n que hemos logrado, gracias al apoyo de ambas SEREMIs. Necesitamos que la gente venga a vacunarse. Es el mensaje que queremos hacer llegar a toda la comunidad. El servicio es gratuito para todas y todos\u201d.<\/p>\n<p>El Dr. Pablo Millaleo, director de la cl\u00ednica DOC DOC, declar\u00f3 que \u201cestamos felices por esta alianza p\u00fablico-privada, donde todo el mundo ha puesto de su parte para mejorar la salud de nuestra poblaci\u00f3n de la zona oriente, entregando atenciones muy convenientes. Quisimos aportar de forma solidaria a esta gran campa\u00f1a de vacunaci\u00f3n, contando con 200 cupos diarios para tal servicio\u201d.<\/p>\n<p>Igualmente, la Salud Primaria habilitar\u00e1 este fin de semana un nuevo punto de vacunaci\u00f3n en el Parque Espejo del Sol (en Encuentro Social y Cultural de Emprendedores), en el sector de Las Compa\u00f1\u00edas, de 10:00 a 14:00 horas.<\/p>\n","protected":false},"excerpt":{"rendered":"<p>Como parte de la estrategia local de inmunizaci\u00f3n, La Serena dispondr\u00e1 de nuevos espacios extramuros y de la operatividad de las cl\u00ednicas m\u00f3viles que, en febrero de este a\u00f1o, comenzaron a funcionar, para llevar a cabo la tarea de proteger a la poblaci\u00f3n de las infecciones respiratorias. Con motivo de<\/p>\n","protected":false},"author":1,"featured_media":3614,"comment_status":"open","ping_status":"open","sticky":false,"template":"","format":"standard","meta":{"footnotes":""},"categories":[51,24],"tags":[],"class_list":["post-3613","post","type-post","status-publish","format-standard","has-post-thumbnail","hentry","category-seremisalud_coquimbo","category-seremi-de-gobierno"],"_links":{"self":[{"href":"https:\/\/minutaregional.cl\/index.php?rest_route=\/wp\/v2\/posts\/3613","targetHints":{"allow":["GET"]}}],"collection":[{"href":"https:\/\/minutaregional.cl\/index.php?rest_route=\/wp\/v2\/posts"}],"about":[{"href":"https:\/\/minutaregional.cl\/index.php?rest_route=\/wp\/v2\/types\/post"}],"author":[{"embeddable":true,"href":"https:\/\/minutaregional.cl\/index.php?rest_route=\/wp\/v2\/users\/1"}],"replies":[{"embeddable":true,"href":"https:\/\/minutaregional.cl\/index.php?rest_route=%2Fwp%2Fv2%2Fcomments&post=3613"}],"version-history":[{"count":1,"href":"https:\/\/minutaregional.cl\/index.php?rest_route=\/wp\/v2\/posts\/3613\/revisions"}],"predecessor-version":[{"id":3615,"href":"https:\/\/minutaregional.cl\/index.php?rest_route=\/wp\/v2\/posts\/3613\/revisions\/3615"}],"wp:featuredmedia":[{"embeddable":true,"href":"https:\/\/minutaregional.cl\/index.php?rest_route=\/wp\/v2\/media\/3614"}],"wp:attachment":[{"href":"https:\/\/minutaregional.cl\/index.php?rest_route=%2Fwp%2Fv2%2Fmedia&parent=3613"}],"wp:term":[{"taxonomy":"category","embeddable":true,"href":"https:\/\/minutaregional.cl\/index.php?rest_route=%2Fwp%2Fv2%2Fcategories&post=3613"},{"taxonomy":"post_tag","embeddable":true,"href":"https:\/\/minutaregional.cl\/index.php?rest_route=%2Fwp%2Fv2%2Ftags&post=3613"}],"curies":[{"name":"wp","href":"https:\/\/api.w.org\/{rel}","templated":true}]}}