{"id":3610,"date":"2024-06-05T15:28:51","date_gmt":"2024-06-05T15:28:51","guid":{"rendered":"https:\/\/minutaregional.cl\/?p=3610"},"modified":"2024-06-05T15:28:51","modified_gmt":"2024-06-05T15:28:51","slug":"registro-civil-coquimbo-se-adjudica-9-millones-del-fondo-para-la-igualdad-2024","status":"publish","type":"post","link":"https:\/\/minutaregional.cl\/?p=3610","title":{"rendered":"Registro Civil Coquimbo se adjudica 9 millones del Fondo para la Igualdad 2024"},"content":{"rendered":"<ul>\n<li data-leveltext=\"\uf0b7\" data-font=\"Symbol\" data-listid=\"1\" data-list-defn-props=\"{&quot;335552541&quot;:1,&quot;335559685&quot;:720,&quot;335559991&quot;:360,&quot;469769226&quot;:&quot;Symbol&quot;,&quot;469769242&quot;:[8226],&quot;469777803&quot;:&quot;left&quot;,&quot;469777804&quot;:&quot;\uf0b7&quot;,&quot;469777815&quot;:&quot;hybridMultilevel&quot;}\" aria-setsize=\"-1\" data-aria-posinset=\"1\" data-aria-level=\"1\"><i><span data-contrast=\"auto\">El presupuesto permitir\u00e1 habilitar un espacio de espera infantil en la oficina de atenci\u00f3n de p\u00fablico de Coquimbo y la implementaci\u00f3n de un club de amigos, para el cuidado de hijos e hijas de funcionarios y funcionarias de La Serena.<\/span><\/i><span data-ccp-props=\"{&quot;201341983&quot;:0,&quot;335551550&quot;:6,&quot;335551620&quot;:6,&quot;335559739&quot;:0,&quot;335559740&quot;:240}\">\u00a0<\/span><\/li>\n<\/ul>\n<p><span data-ccp-props=\"{&quot;201341983&quot;:0,&quot;335551550&quot;:6,&quot;335551620&quot;:6,&quot;335559739&quot;:0,&quot;335559740&quot;:240}\">\u00a0<\/span><\/p>\n<p><span data-contrast=\"auto\">Con el objetivo de asegurar la incorporaci\u00f3n del enfoque de g\u00e9nero en el quehacer diario del Registro Civil e Identificaci\u00f3n, poniendo especial \u00e9nfasis en la entrega de productos y servicios a la ciudadan\u00eda en particular en la tem\u00e1tica de cuidados, es que la instituci\u00f3n firm\u00f3 un Convenio con el Ministerio de la Mujer y la Equidad de G\u00e9nero para ejecutar el proyecto \u201cPiloto de Cuidados: segunda versi\u00f3n\u201d, que le permitir\u00e1 el traspaso de 300 millones del Fondo para la Igualdad 2024.<\/span><span data-ccp-props=\"{&quot;201341983&quot;:0,&quot;335551550&quot;:6,&quot;335551620&quot;:6,&quot;335559739&quot;:0,&quot;335559740&quot;:240}\">\u00a0<\/span><\/p>\n<p><span data-ccp-props=\"{&quot;201341983&quot;:0,&quot;335551550&quot;:6,&quot;335551620&quot;:6,&quot;335559739&quot;:0,&quot;335559740&quot;:240}\">\u00a0<\/span><\/p>\n<p><span data-contrast=\"auto\">De esta manera es que el servicio participa del \u201cConcurso Nacional de Buenas Pr\u00e1cticas en G\u00e9nero y Cuidados: segunda versi\u00f3n\u201d, que les permite contar con fondos extrapresupuestarios para transversalizar las pol\u00edticas de g\u00e9nero tanto en sus flujos internos como en sus servicios de atenci\u00f3n al p\u00fablico.<\/span><span data-ccp-props=\"{&quot;201341983&quot;:0,&quot;335551550&quot;:6,&quot;335551620&quot;:6,&quot;335559739&quot;:0,&quot;335559740&quot;:240}\">\u00a0<\/span><\/p>\n<p><span data-ccp-props=\"{&quot;201341983&quot;:0,&quot;335551550&quot;:6,&quot;335551620&quot;:6,&quot;335559739&quot;:0,&quot;335559740&quot;:240}\">\u00a0<\/span><\/p>\n<p><span data-contrast=\"auto\">Las dos iniciativas suman 9 millones de pesos para habilitar un espacio de espera infantil en la oficina de atenci\u00f3n de p\u00fablico de Coquimbo y la implementaci\u00f3n de un club de amigos, para el cuidado de hijos e hijas de funcionarios de La Serena y direcci\u00f3n regional.\u00a0<\/span><span data-ccp-props=\"{&quot;201341983&quot;:0,&quot;335551550&quot;:6,&quot;335551620&quot;:6,&quot;335559739&quot;:0,&quot;335559740&quot;:240}\">\u00a0<\/span><\/p>\n<p><span data-ccp-props=\"{&quot;201341983&quot;:0,&quot;335551550&quot;:6,&quot;335551620&quot;:6,&quot;335559739&quot;:0,&quot;335559740&quot;:240}\">\u00a0<\/span><\/p>\n<p><span data-contrast=\"auto\">\u201cAmbas iniciativas, cada una, tienen un costo de 4.500.000 pesos y que se van a radicar en esta oportunidad tanto en la comuna de La Serena como en Coquimbo. La idea del Registro Civil del Ministerio de Justicia es seguir avanzando con esta iniciativa en la regi\u00f3n y que pueda impactar positivamente en nuestros usuarios y tambi\u00e9n en los funcionarios y funcionarias\u201d, se\u00f1al\u00f3 Rub\u00e9n Garc\u00eda Tapia, Seremi de Justicia y Derechos Humanos de la regi\u00f3n de Coquimbo.<\/span><span data-ccp-props=\"{&quot;201341983&quot;:0,&quot;335551550&quot;:6,&quot;335551620&quot;:6,&quot;335559739&quot;:0,&quot;335559740&quot;:240}\">\u00a0<\/span><\/p>\n<p><span data-ccp-props=\"{&quot;201341983&quot;:0,&quot;335551550&quot;:6,&quot;335551620&quot;:6,&quot;335559739&quot;:0,&quot;335559740&quot;:240}\">\u00a0<\/span><\/p>\n<p><span data-contrast=\"auto\">Para Daniela Jacob, directora regional de Registro Civil Coquimbo, Zona Junior ya est\u00e1 implementada en La Serena y ahora estar\u00e1 presente en Coquimbo, \u201cY ahora tambi\u00e9n vamos a poder contar con los amigos de Celia Run. \u00bfQu\u00e9 son los amigos de Celia Run? Celia Run, generalmente, es un club de amigos que permite contar con educadoras que cuidan a los hijos y hijas de las funcionarias de la oficina de La Serena y de la direcci\u00f3n regional en horario posterior a lo que es el colegio, por lo tanto, facilita y permite que estas funcionarias puedan desempe\u00f1ar sus labores de manera tranquila y sus ni\u00f1os van a estar en un espacio de cuidado seguro y por lo tanto vamos integrando a la familia, a los cuidados y vamos generando instancias de g\u00e9nero pero a la vez que nacen desde las mismas funcionarias de la regi\u00f3n\u201d, indic\u00f3.<\/span><span data-ccp-props=\"{&quot;201341983&quot;:0,&quot;335551550&quot;:6,&quot;335551620&quot;:6,&quot;335559739&quot;:0,&quot;335559740&quot;:240}\">\u00a0<\/span><\/p>\n<p><span data-contrast=\"auto\">\u00a0<\/span><span data-ccp-props=\"{&quot;201341983&quot;:0,&quot;335551550&quot;:6,&quot;335551620&quot;:6,&quot;335559739&quot;:0,&quot;335559740&quot;:240}\">\u00a0<\/span><\/p>\n<p><span data-contrast=\"auto\">\u201cConsideramos que estos proyectos avanzan en ir generando condiciones de igualdad y mejorar las condiciones en particular que tenemos las mujeres cuando vamos con nuestros ni\u00f1os y ni\u00f1as al Registro Civil por una parte y tambi\u00e9n para las funcionarias y funcionarios del Registro Civil apuntando a c\u00f3mo el Estado tambi\u00e9n contribuye con un sistema de cuidado para los ni\u00f1os y ni\u00f1as\u201d, manifest\u00f3, Paula Spencer, seremi de la Mujer y Equidad de G\u00e9nero Coquimbo (S).<\/span><span data-ccp-props=\"{&quot;201341983&quot;:0,&quot;335551550&quot;:6,&quot;335551620&quot;:6,&quot;335559739&quot;:0,&quot;335559740&quot;:240}\">\u00a0<\/span><\/p>\n<p><span data-ccp-props=\"{&quot;201341983&quot;:0,&quot;335551550&quot;:6,&quot;335551620&quot;:6,&quot;335559739&quot;:0,&quot;335559740&quot;:240}\">\u00a0<\/span><\/p>\n<p><span data-contrast=\"auto\">Cabe se\u00f1alar que el a\u00f1o 2023, el servicio de Registro Civil, gracias a este fondo pudo ejecutar la implementaci\u00f3n de una Zona Junior en la oficina de La Serena y la habilitaci\u00f3n de un nuevo Civil M\u00f3vil con enfoque de g\u00e9nero.\u00a0<\/span><span data-ccp-props=\"{&quot;201341983&quot;:0,&quot;335551550&quot;:6,&quot;335551620&quot;:6,&quot;335559739&quot;:0,&quot;335559740&quot;:240}\">\u00a0<\/span><\/p>\n<p><span data-ccp-props=\"{&quot;201341983&quot;:0,&quot;335551550&quot;:6,&quot;335551620&quot;:6,&quot;335559739&quot;:0,&quot;335559740&quot;:240}\">\u00a0<\/span><\/p>\n","protected":false},"excerpt":{"rendered":"<p>El presupuesto permitir\u00e1 habilitar un espacio de espera infantil en la oficina de atenci\u00f3n de p\u00fablico de Coquimbo y la implementaci\u00f3n de un club de amigos, para el cuidado de hijos e hijas de funcionarios y funcionarias de La Serena.\u00a0 \u00a0 Con el objetivo de asegurar la incorporaci\u00f3n del enfoque<\/p>\n","protected":false},"author":1,"featured_media":3611,"comment_status":"open","ping_status":"open","sticky":false,"template":"","format":"standard","meta":{"footnotes":""},"categories":[7],"tags":[],"class_list":["post-3610","post","type-post","status-publish","format-standard","has-post-thumbnail","hentry","category-serviciospublicos"],"_links":{"self":[{"href":"https:\/\/minutaregional.cl\/index.php?rest_route=\/wp\/v2\/posts\/3610","targetHints":{"allow":["GET"]}}],"collection":[{"href":"https:\/\/minutaregional.cl\/index.php?rest_route=\/wp\/v2\/posts"}],"about":[{"href":"https:\/\/minutaregional.cl\/index.php?rest_route=\/wp\/v2\/types\/post"}],"author":[{"embeddable":true,"href":"https:\/\/minutaregional.cl\/index.php?rest_route=\/wp\/v2\/users\/1"}],"replies":[{"embeddable":true,"href":"https:\/\/minutaregional.cl\/index.php?rest_route=%2Fwp%2Fv2%2Fcomments&post=3610"}],"version-history":[{"count":1,"href":"https:\/\/minutaregional.cl\/index.php?rest_route=\/wp\/v2\/posts\/3610\/revisions"}],"predecessor-version":[{"id":3612,"href":"https:\/\/minutaregional.cl\/index.php?rest_route=\/wp\/v2\/posts\/3610\/revisions\/3612"}],"wp:featuredmedia":[{"embeddable":true,"href":"https:\/\/minutaregional.cl\/index.php?rest_route=\/wp\/v2\/media\/3611"}],"wp:attachment":[{"href":"https:\/\/minutaregional.cl\/index.php?rest_route=%2Fwp%2Fv2%2Fmedia&parent=3610"}],"wp:term":[{"taxonomy":"category","embeddable":true,"href":"https:\/\/minutaregional.cl\/index.php?rest_route=%2Fwp%2Fv2%2Fcategories&post=3610"},{"taxonomy":"post_tag","embeddable":true,"href":"https:\/\/minutaregional.cl\/index.php?rest_route=%2Fwp%2Fv2%2Ftags&post=3610"}],"curies":[{"name":"wp","href":"https:\/\/api.w.org\/{rel}","templated":true}]}}