{"id":3607,"date":"2024-06-05T13:24:55","date_gmt":"2024-06-05T13:24:55","guid":{"rendered":"https:\/\/minutaregional.cl\/?p=3607"},"modified":"2024-06-05T13:24:55","modified_gmt":"2024-06-05T13:24:55","slug":"comite-para-la-erradicacion-del-trabajo-infantil-realiza-primera-sesion-del-ano-2024","status":"publish","type":"post","link":"https:\/\/minutaregional.cl\/?p=3607","title":{"rendered":"Comit\u00e9 para la Erradicaci\u00f3n del Trabajo Infantil realiza primera sesi\u00f3n del a\u00f1o 2024"},"content":{"rendered":"<p>Entregar los lineamientos emanados desde el Ministerio del Trabajo y coordinar las acciones relevantes para el a\u00f1o 2024, fueron las tem\u00e1ticas tratadas en la primera sesi\u00f3n del a\u00f1o del Comit\u00e9 regional para la Erradicaci\u00f3n del Trabajo Infantil, liderado en la regi\u00f3n de Coquimbo por el Seremi del Trabajo.<\/p>\n<p>&nbsp;<\/p>\n<p>En la ocasi\u00f3n el Seremi del Trabajo, Francisco Brizuela, enfatiz\u00f3 en la importancia de la coordinaci\u00f3n de los servicios involucrados para el cumplimiento de la estrategia nacional para la erradicaci\u00f3n del trabajo infantil.<\/p>\n<p>&nbsp;<\/p>\n<p>\u201cEl objetivo central de esta instancia es coordinar los esfuerzos con diferentes instituciones para que juntos podamos ir cumpliendo los objetivos trazados en los territorios, de tal forma de contribuir en la meta que tenemos que es tener un Chile sin Trabajo Infantil y a la vez visibilizar esta vulneraci\u00f3n de derechos y avanzar en una sociedad m\u00e1s justa\u201d, coment\u00f3 la autoridad.<\/p>\n<p>&nbsp;<\/p>\n<p>Chile es uno de los pa\u00edses con menor tasa en esta problem\u00e1tica (6,6%). Sin embargo, la Organizaci\u00f3n Internacional del Trabajo (OIT) declar\u00f3 que durante el 2021 el progreso global en la erradicaci\u00f3n del trabajo infantil se detuvo por primera vez desde que se comenz\u00f3 a medir.<\/p>\n<p>&nbsp;<\/p>\n<p>Dentro de los compromisos que asumi\u00f3 el Ministerio del Trabajo es la realizaci\u00f3n de un nuevo levantamiento de datos y catastro que permitan actualizar las cifras de nacionales y regionales de trabajo infantil, con el objetivo de focalizar las acciones de prevenci\u00f3n y difusi\u00f3n de la estrategia nacional, estad\u00edsticas que estar\u00e1n disponibles para el segundo semestre de este a\u00f1o.<\/p>\n<p>&nbsp;<\/p>\n<p>El Comit\u00e9 Regional para la Erradicaci\u00f3n del Trabajo Infantil es liderado por el Seremi del Trabajo y Previsi\u00f3n Social, y conformado por diferentes instituciones ligadas a la protecci\u00f3n de los derechos de los ni\u00f1os, ni\u00f1as y adolescentes como Carabineros, Direcci\u00f3n del Trabajo, Defensor\u00eda de la Ni\u00f1ez, Injuv, PDI, Seremi de Educaci\u00f3n, Seremi de la Mujer y Equidad de G\u00e9nero, Seremi de Justicia, y Seremi de Desarrollo Social, entre otros.<\/p>\n","protected":false},"excerpt":{"rendered":"<p>Entregar los lineamientos emanados desde el Ministerio del Trabajo y coordinar las acciones relevantes para el a\u00f1o 2024, fueron las tem\u00e1ticas tratadas en la primera sesi\u00f3n del a\u00f1o del Comit\u00e9 regional para la Erradicaci\u00f3n del Trabajo Infantil, liderado en la regi\u00f3n de Coquimbo por el Seremi del Trabajo. &nbsp; En<\/p>\n","protected":false},"author":1,"featured_media":3608,"comment_status":"open","ping_status":"open","sticky":false,"template":"","format":"standard","meta":{"footnotes":""},"categories":[1],"tags":[],"class_list":["post-3607","post","type-post","status-publish","format-standard","has-post-thumbnail","hentry","category-noticias-regionales"],"_links":{"self":[{"href":"https:\/\/minutaregional.cl\/index.php?rest_route=\/wp\/v2\/posts\/3607","targetHints":{"allow":["GET"]}}],"collection":[{"href":"https:\/\/minutaregional.cl\/index.php?rest_route=\/wp\/v2\/posts"}],"about":[{"href":"https:\/\/minutaregional.cl\/index.php?rest_route=\/wp\/v2\/types\/post"}],"author":[{"embeddable":true,"href":"https:\/\/minutaregional.cl\/index.php?rest_route=\/wp\/v2\/users\/1"}],"replies":[{"embeddable":true,"href":"https:\/\/minutaregional.cl\/index.php?rest_route=%2Fwp%2Fv2%2Fcomments&post=3607"}],"version-history":[{"count":1,"href":"https:\/\/minutaregional.cl\/index.php?rest_route=\/wp\/v2\/posts\/3607\/revisions"}],"predecessor-version":[{"id":3609,"href":"https:\/\/minutaregional.cl\/index.php?rest_route=\/wp\/v2\/posts\/3607\/revisions\/3609"}],"wp:featuredmedia":[{"embeddable":true,"href":"https:\/\/minutaregional.cl\/index.php?rest_route=\/wp\/v2\/media\/3608"}],"wp:attachment":[{"href":"https:\/\/minutaregional.cl\/index.php?rest_route=%2Fwp%2Fv2%2Fmedia&parent=3607"}],"wp:term":[{"taxonomy":"category","embeddable":true,"href":"https:\/\/minutaregional.cl\/index.php?rest_route=%2Fwp%2Fv2%2Fcategories&post=3607"},{"taxonomy":"post_tag","embeddable":true,"href":"https:\/\/minutaregional.cl\/index.php?rest_route=%2Fwp%2Fv2%2Ftags&post=3607"}],"curies":[{"name":"wp","href":"https:\/\/api.w.org\/{rel}","templated":true}]}}