{"id":3584,"date":"2024-05-31T20:19:35","date_gmt":"2024-05-31T20:19:35","guid":{"rendered":"https:\/\/minutaregional.cl\/?p=3584"},"modified":"2024-05-31T20:19:35","modified_gmt":"2024-05-31T20:19:35","slug":"numero-de-ocupados-aumenta-en-7500-personas-y-tasa-de-desocupacion-se-ubica-en-81","status":"publish","type":"post","link":"https:\/\/minutaregional.cl\/?p=3584","title":{"rendered":"N\u00famero de ocupados aumenta en 7500 personas y Tasa de Desocupaci\u00f3n se ubica en 8,1%"},"content":{"rendered":"<ul>\n<li><strong><em>Alojamiento y servicio de comidas, miner\u00eda y administraci\u00f3n p\u00fablica, fueron las actividades econ\u00f3micas que m\u00e1s aportaron a la creaci\u00f3n de empleos.<\/em><\/strong><\/li>\n<\/ul>\n<p><strong><em>\u00a0<\/em><\/strong><\/p>\n<p><strong>Un descenso anual de 1,1 puntos porcentuales registr\u00f3 la Tasa de Desocupaci\u00f3n Regional en el trimestre febrero \u2013 abril del 2024 situ\u00e1ndose en 8,1%.<\/strong><\/p>\n<p><strong>\u00a0<\/strong><\/p>\n<p><strong>La disminuci\u00f3n en la Tasa de Desocupaci\u00f3n se explica producto del alza de la fuerza de trabajo (0,8%), menor a la presentada por las personas ocupadas (2,0%). Por su parte, las personas desocupadas disminuyeron 11,9%.<\/strong><\/p>\n<p><strong>\u00a0<\/strong><\/p>\n<p><strong>En este sentido el Seremi del Trabajo, Francisco Brizuela, destac\u00f3 el aumento de ocupados y la creaci\u00f3n de empleo durante el trimestre de medici\u00f3n y dijo que \u201cson cifras positivas desde el punto de vista del incremento del n\u00famero de personas ocupadas donde 7500 personas accedieron a un puesto de trabajo. Este es el primer aumento en el n\u00famero de ocupados luego de cuatro descensos consecutivos, por lo que es una muy buena noticia para nuestra regi\u00f3n\u201d.<\/strong><\/p>\n<p><strong>\u00a0<\/strong><\/p>\n<p><strong>Seg\u00fan el informe emitido por el Instituto Nacional de Estad\u00edsticas (INE) sector econ\u00f3mico, el aumento de la poblaci\u00f3n ocupada (2,0%) fue influida, principalmente por alojamiento y servicio de comidas (40,0%), miner\u00eda (9,0%) y administraci\u00f3n p\u00fablica (15,5%).<\/strong><\/p>\n<p><strong>\u00a0<\/strong><\/p>\n<p><strong>En el an\u00e1lisis por territorio la provincia de Elqui la tasa de desocupaci\u00f3n registr\u00f3 un descenso de 1,8 pp en 12 meses. Mientras que Limar\u00ed consign\u00f3 un nuevo aumento de 2,1 pp situ\u00e1ndose en 7,9%.<\/strong><\/p>\n<p><strong>\u00a0<\/strong><\/p>\n<p><strong>\u201cEl desaf\u00edo que asumimos es continuar propiciando las condiciones de inversi\u00f3n y generaci\u00f3n de puestos de trabajo en la regi\u00f3n y en particular en la provincia de Limar\u00ed. Como Gobierno estamos enfocados en llegar con apoyos para promover una reinserci\u00f3n laboral m\u00e1s r\u00e1pida mediante cursos de capacitaci\u00f3n en nuevos oficios que tambi\u00e9n propicien la reconversi\u00f3n laboral de los trabajadores de los sectores con mayor afectaci\u00f3n\u201d, declar\u00f3 Francisco Brizuela, Seremi del Trabajo.<\/strong><\/p>\n<p><strong>\u00a0<\/strong><\/p>\n<p><strong>Ranking Nacional<\/strong><\/p>\n<p><strong>De mayor a menor tasa de desocupaci\u00f3n, las regiones de \u00d1uble (9,6%), Atacama (9,4%) y Metropolitana (9,2%) consignaron los primeros lugares. Coquimbo (8,1%) ocup\u00f3 el d\u00e9cimo lugar. En tanto, las menores tasas fueron registradas por las regiones de Los Lagos (3,7%) y Ays\u00e9n (5,9%).<\/strong><\/p>\n","protected":false},"excerpt":{"rendered":"<p>Alojamiento y servicio de comidas, miner\u00eda y administraci\u00f3n p\u00fablica, fueron las actividades econ\u00f3micas que m\u00e1s aportaron a la creaci\u00f3n de empleos. \u00a0 Un descenso anual de 1,1 puntos porcentuales registr\u00f3 la Tasa de Desocupaci\u00f3n Regional en el trimestre febrero \u2013 abril del 2024 situ\u00e1ndose en 8,1%. \u00a0 La disminuci\u00f3n en<\/p>\n","protected":false},"author":1,"featured_media":3585,"comment_status":"open","ping_status":"open","sticky":false,"template":"","format":"standard","meta":{"footnotes":""},"categories":[1],"tags":[],"class_list":["post-3584","post","type-post","status-publish","format-standard","has-post-thumbnail","hentry","category-noticias-regionales"],"_links":{"self":[{"href":"https:\/\/minutaregional.cl\/index.php?rest_route=\/wp\/v2\/posts\/3584","targetHints":{"allow":["GET"]}}],"collection":[{"href":"https:\/\/minutaregional.cl\/index.php?rest_route=\/wp\/v2\/posts"}],"about":[{"href":"https:\/\/minutaregional.cl\/index.php?rest_route=\/wp\/v2\/types\/post"}],"author":[{"embeddable":true,"href":"https:\/\/minutaregional.cl\/index.php?rest_route=\/wp\/v2\/users\/1"}],"replies":[{"embeddable":true,"href":"https:\/\/minutaregional.cl\/index.php?rest_route=%2Fwp%2Fv2%2Fcomments&post=3584"}],"version-history":[{"count":1,"href":"https:\/\/minutaregional.cl\/index.php?rest_route=\/wp\/v2\/posts\/3584\/revisions"}],"predecessor-version":[{"id":3586,"href":"https:\/\/minutaregional.cl\/index.php?rest_route=\/wp\/v2\/posts\/3584\/revisions\/3586"}],"wp:featuredmedia":[{"embeddable":true,"href":"https:\/\/minutaregional.cl\/index.php?rest_route=\/wp\/v2\/media\/3585"}],"wp:attachment":[{"href":"https:\/\/minutaregional.cl\/index.php?rest_route=%2Fwp%2Fv2%2Fmedia&parent=3584"}],"wp:term":[{"taxonomy":"category","embeddable":true,"href":"https:\/\/minutaregional.cl\/index.php?rest_route=%2Fwp%2Fv2%2Fcategories&post=3584"},{"taxonomy":"post_tag","embeddable":true,"href":"https:\/\/minutaregional.cl\/index.php?rest_route=%2Fwp%2Fv2%2Ftags&post=3584"}],"curies":[{"name":"wp","href":"https:\/\/api.w.org\/{rel}","templated":true}]}}