{"id":3572,"date":"2024-05-30T13:27:20","date_gmt":"2024-05-30T13:27:20","guid":{"rendered":"https:\/\/minutaregional.cl\/?p=3572"},"modified":"2024-05-30T13:27:20","modified_gmt":"2024-05-30T13:27:20","slug":"exitoso-proceso-en-un-21-crece-la-postulacion-al-fondo-de-fortalecimiento-en-la-region-de-coquimbo","status":"publish","type":"post","link":"https:\/\/minutaregional.cl\/?p=3572","title":{"rendered":"Exitoso proceso: En un 21% crece la postulaci\u00f3n al Fondo de Fortalecimiento en la Regi\u00f3n de Coquimbo"},"content":{"rendered":"<ul>\n<li><strong><em>La vocera de Gobierno, Paulina Mora, destac\u00f3 el inter\u00e9s y el trabajo de la sociedad civil local para lograr participar en el concurso 2024<\/em><\/strong><\/li>\n<\/ul>\n<p>Durante la constituci\u00f3n del consejo que asignar\u00e1 los recursos del Fondo de Fortalecimiento de Organizaciones de Inter\u00e9s P\u00fablico 2024, se inform\u00f3 que la Regi\u00f3n de Coquimbo registr\u00f3 un notable aumento en las postulaciones. Es que de 149 proyectos recibidos en el a\u00f1o pasado, pasamos a 181 iniciativas registradas a trav\u00e9s de la plataforma fondos.gob.cl.<\/p>\n<p>El inter\u00e9s por participar de concurso fue valorado por la Seremi Paulina Mora, quien manifest\u00f3 que es fundamental contar con una sociedad civil fuerte y capaz de apalancar recursos para aportar al progreso de sus territorios.<\/p>\n<p><strong>\u201cEs importante que la democracia no solo dependa de las instituciones del Estado, sino que tambi\u00e9n vaya apoy\u00e1ndose de aquellas organizaciones sociales que son claves para el desarrollo de cualquier pa\u00eds, porque ellas son las que construyen d\u00eda a d\u00eda el tejido social y son las que permiten hacer que las comunidades vayan desarroll\u00e1ndose y mejorando la calidad de vida de sus vecinos y vecinas\u201d, precis\u00f3 la Vocera Regional Paulina Mora. <\/strong><\/p>\n<p>La autoridad indic\u00f3 que a nivel local, una de las comunas que m\u00e1s creci\u00f3 en postulaciones fue Salamanca, la que pas\u00f3 de presentar 10 proyectos el 2023 a lograr registrar 29 este a\u00f1o; a ella se suma La Serena, Vicu\u00f1a y Ovalle.<\/p>\n<p><strong>CONSEJO FFOIP. <\/strong>El Fondo de Fortalecimiento de Organizaciones de Inter\u00e9s P\u00fablico est\u00e1 regido por la ley de Participaci\u00f3n Ciudadana (N\u00b0 20.500), norma que establece que la adjudicaci\u00f3n de los recursos est\u00e1 en manos de un Consejo Regional del Fondo, integrado por tres representantes de la sociedad civil, dos representantes de la Gobernaci\u00f3n Regional y los Seremis de Gobierno y Desarrollo Social y Familia.<\/p>\n<p>Para este proceso 2024, el Consejo del Fondo de Fortalecimiento est\u00e1 constituido por Carolina Espinosa, representante de los voluntariados; Mauricio Carmona, dirigente social de Andacollo; Mar\u00eda Cecilia Vargas, representante de la colectividad Hel\u00e9nica de La Serena; Carolina Ram\u00edrez perteneciente Fundaci\u00f3n Chile Violines; Celia Mu\u00f1oz de Molinos de Arte y los seremis Paulina Mora y Eduardo Alcayaga. Ellos ser\u00e1n los encargados de adjudicar los m\u00e1s de 82 millones de pesos destinados para la Regi\u00f3n de Coquimbo.<\/p>\n<p>Respecto al proceso expuesto en el encuentro, Carolina Espinosa, presidenta provisoria del consejo, destac\u00f3 el inter\u00e9s por participar de esta iniciativa. <strong>\u201cEn este primer acercamiento a los proyectos veo que hay una gran cantidad de organizaciones que nuevamente han querido postular. Hay una motivaci\u00f3n de la sociedad civil y el Consejo est\u00e1, en este momento, integrado con varias personas que vienen de mundos totalmente distintos, tenemos varias experiencias, tenemos varios tipos de vocaciones y todos dispuestos a trabajar por la sociedad civil\u201d, indic\u00f3.\u00a0 <\/strong><\/p>\n<p>Asimismo, el Seremi de Desarrollo Social y Familia, Eduardo Alcayaga<strong>, <\/strong>resalt\u00f3 el valor que le da el FFOIP a la visi\u00f3n de los l\u00edderes sociales, ya que, en gran medida, ello son los que priorizan la destinaci\u00f3n de recursos.<\/p>\n<p><strong>\u201cPara nosotros es muy relevante porque esto se hace con la participaci\u00f3n, justamente, de la comunidad organizada y se define de acuerdo a lo que es el inter\u00e9s p\u00fablico. La idea justamente con estos fondos es el desarrollo de distintas ideas que est\u00e1n ah\u00ed vigentes, que est\u00e1n ah\u00ed latentes. As\u00ed que estamos dando paso a esto y avanzando para que la participaci\u00f3n ciudadana a trav\u00e9s de las m\u00faltiples instancias que el Estado dispone se concreten\u201d, expres\u00f3 el titular de Desarrollo Social.<\/strong><\/p>\n<p>Para finalizar, la Vocera Paulina Mora llam\u00f3 a las agrupaciones que postularon a estar atentas, ya que dentro de los pr\u00f3ximos d\u00edas se publicar\u00e1n los resultados de la admisibilidad.<\/p>\n","protected":false},"excerpt":{"rendered":"<p>La vocera de Gobierno, Paulina Mora, destac\u00f3 el inter\u00e9s y el trabajo de la sociedad civil local para lograr participar en el concurso 2024 Durante la constituci\u00f3n del consejo que asignar\u00e1 los recursos del Fondo de Fortalecimiento de Organizaciones de Inter\u00e9s P\u00fablico 2024, se inform\u00f3 que la Regi\u00f3n de Coquimbo<\/p>\n","protected":false},"author":1,"featured_media":3573,"comment_status":"open","ping_status":"open","sticky":false,"template":"","format":"standard","meta":{"footnotes":""},"categories":[24],"tags":[],"class_list":["post-3572","post","type-post","status-publish","format-standard","has-post-thumbnail","hentry","category-seremi-de-gobierno"],"_links":{"self":[{"href":"https:\/\/minutaregional.cl\/index.php?rest_route=\/wp\/v2\/posts\/3572","targetHints":{"allow":["GET"]}}],"collection":[{"href":"https:\/\/minutaregional.cl\/index.php?rest_route=\/wp\/v2\/posts"}],"about":[{"href":"https:\/\/minutaregional.cl\/index.php?rest_route=\/wp\/v2\/types\/post"}],"author":[{"embeddable":true,"href":"https:\/\/minutaregional.cl\/index.php?rest_route=\/wp\/v2\/users\/1"}],"replies":[{"embeddable":true,"href":"https:\/\/minutaregional.cl\/index.php?rest_route=%2Fwp%2Fv2%2Fcomments&post=3572"}],"version-history":[{"count":1,"href":"https:\/\/minutaregional.cl\/index.php?rest_route=\/wp\/v2\/posts\/3572\/revisions"}],"predecessor-version":[{"id":3574,"href":"https:\/\/minutaregional.cl\/index.php?rest_route=\/wp\/v2\/posts\/3572\/revisions\/3574"}],"wp:featuredmedia":[{"embeddable":true,"href":"https:\/\/minutaregional.cl\/index.php?rest_route=\/wp\/v2\/media\/3573"}],"wp:attachment":[{"href":"https:\/\/minutaregional.cl\/index.php?rest_route=%2Fwp%2Fv2%2Fmedia&parent=3572"}],"wp:term":[{"taxonomy":"category","embeddable":true,"href":"https:\/\/minutaregional.cl\/index.php?rest_route=%2Fwp%2Fv2%2Fcategories&post=3572"},{"taxonomy":"post_tag","embeddable":true,"href":"https:\/\/minutaregional.cl\/index.php?rest_route=%2Fwp%2Fv2%2Ftags&post=3572"}],"curies":[{"name":"wp","href":"https:\/\/api.w.org\/{rel}","templated":true}]}}