{"id":3540,"date":"2024-05-15T19:17:37","date_gmt":"2024-05-15T19:17:37","guid":{"rendered":"https:\/\/minutaregional.cl\/?p=3540"},"modified":"2024-05-15T19:17:37","modified_gmt":"2024-05-15T19:17:37","slug":"equipos-de-salud-se-capacitan-para-identificar-y-denunciar-situaciones-de-trata-de-personas","status":"publish","type":"post","link":"https:\/\/minutaregional.cl\/?p=3540","title":{"rendered":"Equipos de Salud se capacitan para identificar y denunciar situaciones de Trata de Personas"},"content":{"rendered":"<ul>\n<li><em>Los profesionales recibieron formaci\u00f3n especializada y certificada, que permitir\u00e1 fortalecer la respuesta frente a este grave delito.<\/em><\/li>\n<\/ul>\n<p>En el marco del fortalecimiento de la red de urgencia y la entrega de conocimientos especializados en el \u00e1rea medicolegal, la Seremi de Justicia y Derechos Humanos, en colaboraci\u00f3n con el Servicio Salud Coquimbo, realizaron una capacitaci\u00f3n crucial sobre un tema de alta relevancia social: la Trata de Personas. Este grave acto criminal representa una vulneraci\u00f3n directa de los derechos humanos.<\/p>\n<p>&nbsp;<\/p>\n<p>En la capacitaci\u00f3n participaron cerca de 50 personas de distintos establecimientos de salud de las provincias de Elqui, Choapa y Limar\u00ed, incluyendo representantes de dispositivos de atenci\u00f3n primaria y de urgencias como Cesfam, SAPU y SAR, adem\u00e1s de unidades de emergencia de hospitales.<\/p>\n<p>&nbsp;<\/p>\n<p>\u201cLa trata de personas es un delito que est\u00e1 \u00edntimamente conectado con el crimen organizado. Por eso, hemos dispuesto una serie de capacitaciones a funcionarios p\u00fablicos, en este caso a funcionarios del Servicio de Salud de toda nuestra regi\u00f3n, para que ante una situaci\u00f3n de una persona que se acerca a un establecimiento de salud, ellos puedan contar con el conocimiento necesario para reconocer a una v\u00edctima del delito de trata de personas y de esta manera se puedan accionar todos los mecanismos que establece la ley y los protocolos de trata de personas para que se haga efectiva la denuncia ante las polic\u00edas o ante el Ministerio P\u00fablico y se pueda hacer justicia ante estos casos\u00bb,<strong> se\u00f1al\u00f3 Rub\u00e9n Garc\u00eda, seremi de Justicia y Derechos Humanos.<\/strong><\/p>\n<p>&nbsp;<\/p>\n<p><strong>Sebasti\u00e1n Prieto, subdirector de Gesti\u00f3n Asistencial del Servicio de Salud Coquimbo, destac\u00f3 la dificultad de detectar la trata de personas y resalt\u00f3 que, <\/strong>\u201cnuestra red es habitualmente una de las que tiene m\u00e1s capacidad de poder (detectar el delito) hacerlo por las caracter\u00edsticas de las entrevistas que hacemos, de las condiciones en las que llegan las personas a consultar en nuestra red est\u00e1n en una condici\u00f3n de especial vulnerabilidad. Por lo tanto, adem\u00e1s de servirles de protecci\u00f3n, tenemos tambi\u00e9n la posibilidad de detectar aquella situaci\u00f3n\u201d.<\/p>\n<p>Para abordar esta problem\u00e1tica, se program\u00f3 una jornada de capacitaci\u00f3n completa en la que participaron diversos actores que forman parte de la Mesa de Trata de Personas, liderada por la Secretar\u00eda Regional Ministerial de Justicia y Derechos Humanos de Coquimbo, incluyendo Fiscal\u00eda, Sernameg, Defensor\u00eda de la Ni\u00f1ez y el Centro de Atenci\u00f3n a V\u00edctimas de La Serena.<\/p>\n<p><strong>Ricardo Soto, Fiscal Adjunto de la Secci\u00f3n de An\u00e1lisis Criminal y Focos Investigativos (SACFI), expuso sobre el delito de trata e investigaci\u00f3n penal<\/strong>. \u201cExpusimos sobre los delitos que se configuran y la labor de la Fiscal\u00eda, desde el punto de vista investigativo y proteccional. Esto incluye la denuncia, las diligencias que establece la ley que regula la trata de personas y tr\u00e1fico de migrantes, las penas aplicables y la posici\u00f3n de la Unidad Regional de Atenci\u00f3n a V\u00edctimas y Testigos, as\u00ed como sus canales de derivaci\u00f3n y denuncia\u201d, explic\u00f3.<\/p>\n<p>&nbsp;<\/p>\n<p><strong>Claudia Montesinos, trabajadora social del Cesfam Santa Cecilia de la Parte Alta de Coquimbo y asistente a la capacitaci\u00f3n, manifest\u00f3 que <\/strong>\u201cha sido fundamental, ya que nuestro rol implica dirigir adecuadamente cada caso. Detectamos muchos casos donde no sab\u00edamos c\u00f3mo o d\u00f3nde derivar, y esta capacitaci\u00f3n nos ha brindado el conocimiento necesario para actuar correctamente ante sospechas de trata de personas\u201d.<\/p>\n<p>&nbsp;<\/p>\n<p><strong>Finalmente, Sergio Galleguillos, referente red de urgencia Servicio de Salud de Coquimbo, reflexion\u00f3 en torno al tema y destac\u00f3 que, <\/strong>\u201ces importante que los equipos cl\u00ednicos tengan conocimiento de c\u00f3mo abordar. \u00bfQu\u00e9 es lo importante hacer desde el punto de vista de salud y cu\u00e1les son los canales de derivaci\u00f3n tambi\u00e9n y cu\u00e1les son nuestros caracteres legales? que, como funcionarios p\u00fablicos, debemos cumplir al poder establecer o poder identificar alg\u00fan tipo de situaci\u00f3n que pueda tener alg\u00fan car\u00e1cter penal o criminal\u201d, concluy\u00f3.<\/p>\n<p>&nbsp;<\/p>\n<p>Cabe destacar que esta capacitaci\u00f3n forma parte del plan de trabajo anual de la Mesa de Trata de Personas de la Regi\u00f3n de Coquimbo.<\/p>\n","protected":false},"excerpt":{"rendered":"<p>Los profesionales recibieron formaci\u00f3n especializada y certificada, que permitir\u00e1 fortalecer la respuesta frente a este grave delito. En el marco del fortalecimiento de la red de urgencia y la entrega de conocimientos especializados en el \u00e1rea medicolegal, la Seremi de Justicia y Derechos Humanos, en colaboraci\u00f3n con el Servicio Salud<\/p>\n","protected":false},"author":1,"featured_media":3541,"comment_status":"open","ping_status":"open","sticky":false,"template":"","format":"standard","meta":{"footnotes":""},"categories":[7],"tags":[],"class_list":["post-3540","post","type-post","status-publish","format-standard","has-post-thumbnail","hentry","category-serviciospublicos"],"_links":{"self":[{"href":"https:\/\/minutaregional.cl\/index.php?rest_route=\/wp\/v2\/posts\/3540","targetHints":{"allow":["GET"]}}],"collection":[{"href":"https:\/\/minutaregional.cl\/index.php?rest_route=\/wp\/v2\/posts"}],"about":[{"href":"https:\/\/minutaregional.cl\/index.php?rest_route=\/wp\/v2\/types\/post"}],"author":[{"embeddable":true,"href":"https:\/\/minutaregional.cl\/index.php?rest_route=\/wp\/v2\/users\/1"}],"replies":[{"embeddable":true,"href":"https:\/\/minutaregional.cl\/index.php?rest_route=%2Fwp%2Fv2%2Fcomments&post=3540"}],"version-history":[{"count":1,"href":"https:\/\/minutaregional.cl\/index.php?rest_route=\/wp\/v2\/posts\/3540\/revisions"}],"predecessor-version":[{"id":3542,"href":"https:\/\/minutaregional.cl\/index.php?rest_route=\/wp\/v2\/posts\/3540\/revisions\/3542"}],"wp:featuredmedia":[{"embeddable":true,"href":"https:\/\/minutaregional.cl\/index.php?rest_route=\/wp\/v2\/media\/3541"}],"wp:attachment":[{"href":"https:\/\/minutaregional.cl\/index.php?rest_route=%2Fwp%2Fv2%2Fmedia&parent=3540"}],"wp:term":[{"taxonomy":"category","embeddable":true,"href":"https:\/\/minutaregional.cl\/index.php?rest_route=%2Fwp%2Fv2%2Fcategories&post=3540"},{"taxonomy":"post_tag","embeddable":true,"href":"https:\/\/minutaregional.cl\/index.php?rest_route=%2Fwp%2Fv2%2Ftags&post=3540"}],"curies":[{"name":"wp","href":"https:\/\/api.w.org\/{rel}","templated":true}]}}