{"id":3514,"date":"2024-05-08T16:59:40","date_gmt":"2024-05-08T16:59:40","guid":{"rendered":"https:\/\/minutaregional.cl\/?p=3514"},"modified":"2024-05-08T16:59:40","modified_gmt":"2024-05-08T16:59:40","slug":"hasta-el-13-de-mayo-se-puede-postular-al-fondo-de-fortalecimiento-de-organizaciones-de-interes-publico-ffoip","status":"publish","type":"post","link":"https:\/\/minutaregional.cl\/?p=3514","title":{"rendered":"Hasta el 13 de mayo se puede postular al Fondo de Fortalecimiento de Organizaciones de Inter\u00e9s P\u00fablico (FFOIP)"},"content":{"rendered":"<ul>\n<li><strong><em>Una nueva oportunidad tendr\u00e1n las organizaciones sociales de la Regi\u00f3n de Coquimbo para postular al Fondo de Fortalecimiento de Organizaciones de Inter\u00e9s P\u00fablico (FFOIP), ya que el Ministerio Secretar\u00eda General de Gobierno decidi\u00f3 ampliar el periodo de cierre de la iniciativa hasta el 13 de mayo.<\/em><\/strong><\/li>\n<\/ul>\n<p>El objetivo de la extensi\u00f3n del plazo de postulaci\u00f3n es permitir una amplia participaci\u00f3n en este fondo concursable, dirigido a organizaciones sociales como juntas de vecinos, clubes deportivos, centros de adultos mayores, grupos de mujeres y conjuntos folcl\u00f3ricos, entre otras.<\/p>\n<p>La Seremi de Gobierno, Paulina Mora, destac\u00f3 el inter\u00e9s de la sociedad civil organizada de la regi\u00f3n de Coquimbo por lograr concretar sus proyectos a trav\u00e9s del FFOIP.<\/p>\n<p>\u201cEste a\u00f1o contamos con m\u00e1s de 82 millones de pesos para apoyar el desarrollo de los sue\u00f1os y anhelos de nuestras organizaciones. Hemos visto gran participaci\u00f3n, ya que tenemos m\u00e1s de 100 iniciativas postuladas y a\u00fan est\u00e1n a tiempo para poder presentar sus ideas y as\u00ed lograr financiamiento. Por eso, los llamamos a postular hasta el 13 de mayo\u201d, indic\u00f3 la Vocera Regional, Paulina Mora.<\/p>\n<p>Las organizaciones postulantes podr\u00e1n acceder a un m\u00e1ximo de $2 millones cuando se trate de proyectos locales (una comuna), $4 millones para aquellos de car\u00e1cter regional (dos o m\u00e1s comunas de una misma regi\u00f3n) y un l\u00edmite de $10 millones para iniciativas de alcance nacional (m\u00e1s de una regi\u00f3n).<\/p>\n<p><strong>NUEVAS L\u00cdNEAS DE POSTULACI\u00d3N.<\/strong> Una novedad de este concurso es que, por primera vez, el Ffoip contempla una l\u00ednea tem\u00e1tica para el fortalecimiento de la participaci\u00f3n ciudadana de ni\u00f1os, ni\u00f1as y adolescentes. Esta l\u00ednea, fruto de una alianza con la Subsecretar\u00eda de la Ni\u00f1ez, est\u00e1 dirigida a organizaciones que desarrollen proyectos a nivel local para promover la participaci\u00f3n social y comunitaria de personas menores de 18 a\u00f1os.<\/p>\n<p>Las bases y postulaciones al Ffoip est\u00e1n disponibles en el sitio web www.fondodefortalecimiento.gob.cl. Para resolver dudas, las y los postulantes pueden dirigirse a la Seremi de Gobierno o escribirnos al Whatsapp +56 9 88432463.<\/p>\n","protected":false},"excerpt":{"rendered":"<p>Una nueva oportunidad tendr\u00e1n las organizaciones sociales de la Regi\u00f3n de Coquimbo para postular al Fondo de Fortalecimiento de Organizaciones de Inter\u00e9s P\u00fablico (FFOIP), ya que el Ministerio Secretar\u00eda General de Gobierno decidi\u00f3 ampliar el periodo de cierre de la iniciativa hasta el 13 de mayo. El objetivo de la<\/p>\n","protected":false},"author":1,"featured_media":3515,"comment_status":"open","ping_status":"open","sticky":false,"template":"","format":"standard","meta":{"footnotes":""},"categories":[24],"tags":[],"class_list":["post-3514","post","type-post","status-publish","format-standard","has-post-thumbnail","hentry","category-seremi-de-gobierno"],"_links":{"self":[{"href":"https:\/\/minutaregional.cl\/index.php?rest_route=\/wp\/v2\/posts\/3514","targetHints":{"allow":["GET"]}}],"collection":[{"href":"https:\/\/minutaregional.cl\/index.php?rest_route=\/wp\/v2\/posts"}],"about":[{"href":"https:\/\/minutaregional.cl\/index.php?rest_route=\/wp\/v2\/types\/post"}],"author":[{"embeddable":true,"href":"https:\/\/minutaregional.cl\/index.php?rest_route=\/wp\/v2\/users\/1"}],"replies":[{"embeddable":true,"href":"https:\/\/minutaregional.cl\/index.php?rest_route=%2Fwp%2Fv2%2Fcomments&post=3514"}],"version-history":[{"count":1,"href":"https:\/\/minutaregional.cl\/index.php?rest_route=\/wp\/v2\/posts\/3514\/revisions"}],"predecessor-version":[{"id":3516,"href":"https:\/\/minutaregional.cl\/index.php?rest_route=\/wp\/v2\/posts\/3514\/revisions\/3516"}],"wp:featuredmedia":[{"embeddable":true,"href":"https:\/\/minutaregional.cl\/index.php?rest_route=\/wp\/v2\/media\/3515"}],"wp:attachment":[{"href":"https:\/\/minutaregional.cl\/index.php?rest_route=%2Fwp%2Fv2%2Fmedia&parent=3514"}],"wp:term":[{"taxonomy":"category","embeddable":true,"href":"https:\/\/minutaregional.cl\/index.php?rest_route=%2Fwp%2Fv2%2Fcategories&post=3514"},{"taxonomy":"post_tag","embeddable":true,"href":"https:\/\/minutaregional.cl\/index.php?rest_route=%2Fwp%2Fv2%2Ftags&post=3514"}],"curies":[{"name":"wp","href":"https:\/\/api.w.org\/{rel}","templated":true}]}}