{"id":3511,"date":"2024-05-08T15:40:53","date_gmt":"2024-05-08T15:40:53","guid":{"rendered":"https:\/\/minutaregional.cl\/?p=3511"},"modified":"2024-05-08T15:40:53","modified_gmt":"2024-05-08T15:40:53","slug":"inauguran-nuevas-camaras-de-televigilancia-y-camionetas-de-seguridad-municipal","status":"publish","type":"post","link":"https:\/\/minutaregional.cl\/?p=3511","title":{"rendered":"Inauguran nuevas c\u00e1maras de televigilancia y camionetas de seguridad municipal"},"content":{"rendered":"<ul>\n<li><strong><em>2 nuevas c\u00e1maras de \u00faltima generaci\u00f3n y 2 camionetas que se integran a la flota de seguridad.<\/em><\/strong><\/li>\n<\/ul>\n<p>Contin\u00faan las buenas noticias en Paihuano en materia de seguridad. A la recientemente creada Unidad de Seguridad y Emergencia Municipal, esta vez se suman la instalaci\u00f3n de nuevas c\u00e1maras de televigilancia de \u00faltima generaci\u00f3n en Pisco Elqui y la incorporaci\u00f3n de 2 nuevas camionetas que velar\u00e1n por seguir resguardando la seguridad tanto de vecinos como turistas.<\/p>\n<p>As\u00ed lo indic\u00f3 el Alcalde Hern\u00e1n Ahumada, en una ceremonia realizada en la plaza de Pisco Elqui. \u201cestamos muy contentos porque hoy hicimos el lanzamiento oficial de las nuevas camionetas de seguridad municipal y del nuevo sistema de televigilancia, que nos va a permitir captar im\u00e1genes para luego ser entregadas a las polic\u00edas o fiscal\u00eda y apoyar su trabajo En el caso de las camionetas, ser\u00e1n importantes para brindar mayor seguridad a los vecinos y turistas, permitiendo- en el marco del convenio 0S14- los patrullajes mixtos junto a Carabineros\u201d.<\/p>\n<p>Por su parte, Abel Lizama, Cordinador Regional de Seguridad P\u00fablica, explic\u00f3 que \u201cquisimos estar presentes hoy, estamos muy felices por la inauguraci\u00f3n de estos veh\u00edculos que apuntan\u00a0 a ampliar la oferta que tiene el municipio en materia de seguridad, adem\u00e1s de reforzar el convenio OS 14. En el caso de las c\u00e1maras, estas tienes dos efectos, uno preventivo y otro para perseguir los delitos con las im\u00e1genes que capten estas c\u00e1maras. Esperamos seguir apoyando al municipio para ayudar a seguir garantizando la seguridad de los vecinos de Paihuano\u201d.<\/p>\n<p>Finalmente, Julio Avil\u00e9s, presidente de la junta de vecinos de Pisco Elqui, tambi\u00e9n destac\u00f3 la importancia de contar con estas nuevas c\u00e1maras y camionetas. \u201cNos vienen muy bien, para poder reforzar la seguridad, se est\u00e1 haciendo un buen trabajo en esta materia en la comuna y estas noticias son muestras claras de aquello\u201d, a\u00f1adi\u00f3.<\/p>\n<p>En concreto, la comuna ahora contar\u00e1 con 2 nuevas c\u00e1maras de \u00faltima generaci\u00f3n y 2 nuevos veh\u00edculos que apoyar\u00e1n la labor de inspectores y Carabineros.<\/p>\n","protected":false},"excerpt":{"rendered":"<p>2 nuevas c\u00e1maras de \u00faltima generaci\u00f3n y 2 camionetas que se integran a la flota de seguridad. Contin\u00faan las buenas noticias en Paihuano en materia de seguridad. A la recientemente creada Unidad de Seguridad y Emergencia Municipal, esta vez se suman la instalaci\u00f3n de nuevas c\u00e1maras de televigilancia de \u00faltima<\/p>\n","protected":false},"author":1,"featured_media":3512,"comment_status":"open","ping_status":"open","sticky":false,"template":"","format":"standard","meta":{"footnotes":""},"categories":[1],"tags":[],"class_list":["post-3511","post","type-post","status-publish","format-standard","has-post-thumbnail","hentry","category-noticias-regionales"],"_links":{"self":[{"href":"https:\/\/minutaregional.cl\/index.php?rest_route=\/wp\/v2\/posts\/3511","targetHints":{"allow":["GET"]}}],"collection":[{"href":"https:\/\/minutaregional.cl\/index.php?rest_route=\/wp\/v2\/posts"}],"about":[{"href":"https:\/\/minutaregional.cl\/index.php?rest_route=\/wp\/v2\/types\/post"}],"author":[{"embeddable":true,"href":"https:\/\/minutaregional.cl\/index.php?rest_route=\/wp\/v2\/users\/1"}],"replies":[{"embeddable":true,"href":"https:\/\/minutaregional.cl\/index.php?rest_route=%2Fwp%2Fv2%2Fcomments&post=3511"}],"version-history":[{"count":1,"href":"https:\/\/minutaregional.cl\/index.php?rest_route=\/wp\/v2\/posts\/3511\/revisions"}],"predecessor-version":[{"id":3513,"href":"https:\/\/minutaregional.cl\/index.php?rest_route=\/wp\/v2\/posts\/3511\/revisions\/3513"}],"wp:featuredmedia":[{"embeddable":true,"href":"https:\/\/minutaregional.cl\/index.php?rest_route=\/wp\/v2\/media\/3512"}],"wp:attachment":[{"href":"https:\/\/minutaregional.cl\/index.php?rest_route=%2Fwp%2Fv2%2Fmedia&parent=3511"}],"wp:term":[{"taxonomy":"category","embeddable":true,"href":"https:\/\/minutaregional.cl\/index.php?rest_route=%2Fwp%2Fv2%2Fcategories&post=3511"},{"taxonomy":"post_tag","embeddable":true,"href":"https:\/\/minutaregional.cl\/index.php?rest_route=%2Fwp%2Fv2%2Ftags&post=3511"}],"curies":[{"name":"wp","href":"https:\/\/api.w.org\/{rel}","templated":true}]}}