{"id":3498,"date":"2024-05-02T16:23:04","date_gmt":"2024-05-02T16:23:04","guid":{"rendered":"https:\/\/minutaregional.cl\/?p=3498"},"modified":"2024-05-02T16:23:04","modified_gmt":"2024-05-02T16:23:04","slug":"tasa-de-desocupacion-regional-anota-un-nuevo-descenso-y-se-ubica-en-79","status":"publish","type":"post","link":"https:\/\/minutaregional.cl\/?p=3498","title":{"rendered":"Tasa de Desocupaci\u00f3n regional anota un nuevo descenso y se ubica en 7,9%"},"content":{"rendered":"<ul>\n<li><strong><em>De mayor a menor tasa de desocupaci\u00f3n, las regiones de La Araucan\u00eda (9,7%), Metropolitana (9,6%) y Atacama (9,5%) consignaron los primeros lugares. Coquimbo (7,9%) ocup\u00f3 el s\u00e9ptimo lugar.<\/em><\/strong><\/li>\n<\/ul>\n<p>&nbsp;<\/p>\n<p>En 7,9% se ubic\u00f3 la tasa de desocupaci\u00f3n en la Regi\u00f3n de Coquimbo durante el trimestre m\u00f3vil enero-marzo 2024 de acuerdo con la informaci\u00f3n registrada en la Encuesta Nacional de Empleo que elabora el Instituto Nacional de Estad\u00edsticas de Chile (INE). La cifra signific\u00f3 un descenso de 0,9 puntos porcentuales (pp.) en doce meses y es la m\u00e1s baja desde el periodo junio-agosto del 2023, donde el \u00edndice marc\u00f3 un 11,3%.<\/p>\n<p>&nbsp;<\/p>\n<p>Al respecto el Seremi del Trabajo, Francisco Brizuela, valor\u00f3 las cifras entregadas por el INE y explic\u00f3 que \u201ceste es el s\u00e9ptimo mes consecutivo en que la tasa de desocupaci\u00f3n presenta una disminuci\u00f3n las cifras responde de forma fundamental a la temporada estival con un proceso de recuperaci\u00f3n de algunas actividades econ\u00f3micas, en comparaci\u00f3n al mismo periodo anterior, como lo es Alojamiento y Servicios de Comida rubros ligados a la actividad tur\u00edstica principalmente\u201d.<\/p>\n<p>&nbsp;<\/p>\n<p>La Vocera regional, Paulina Mora, valor\u00f3 los avances alcanzados en esta baja en el desempleo regional y mencion\u00f3 que estos resultados se enmarcan en la senda de la recuperaci\u00f3n de la estabilidad que el gobierno est\u00e1 impulsando. \u201cMuchos dijeron que no podr\u00edamos revertir la compleja situaci\u00f3n econ\u00f3mica que viv\u00eda el pa\u00eds y el mundo. Sin embargo, hemos dado muestras concretas de lo contrario y tenemos razones suficientes para se\u00f1alar que nuestro desarrollo va por un buen camino. Seguimos con el compromiso generar nuevas fuentes formales para las y los habitantes de nuestra Regi\u00f3n de Coquimbo\u201d.<\/p>\n<p>&nbsp;<\/p>\n<p>En el an\u00e1lisis por provincias la tasa de desocupaci\u00f3n de Elqui fue de 7,8 registrando disminuci\u00f3n de 2,4 pp. en doce meses. Mientras que en la provincia de Limar\u00ed la cifra se situ\u00f3 en 7,2%, registrando incremento anual de 2,9 pp.<\/p>\n<p>&nbsp;<\/p>\n<p>\u201cEl desaf\u00edo m\u00e1s importante hoy es mejorar las cifras de informalidad donde la regi\u00f3n y la provincia de Limar\u00ed en particular han aumentado este \u00edndice. En este sentido desde el Ministerio del Trabajo estamos enfocados fomentar el empleo formal, con pago de Seguridad Social que permiten al trabajador y trabajadora contar con acceso a derechos como Seguro de Cesant\u00eda, pago de cotizaciones previsionales y seguro en caso de accidentes y enfermedades profesionales, entre otros y a trav\u00e9s del SENCE existen de forma permanente herramientas de apoyo, principalmente para los empleadores, para la contrataci\u00f3n de trabajadores\/as de tal forma de potenciar los trabajos formales\u201d, enfatiz\u00f3 el Seremi del Trabajo.<\/p>\n<p>&nbsp;<\/p>\n<p>Y agreg\u00f3 que \u201chemos puesto mucha atenci\u00f3n a la situaci\u00f3n que afecta a la provincia de Limar\u00ed, particularmente por los efectos que la sequ\u00eda ha provocado en el sector agr\u00edcola y en la productividad en la zona, y que ha estado afectado a trabajadores y trabajadoras del sector. Hemos hecho un levantamiento de necesidades y pronto tendremos en ejecuci\u00f3n un programa de capacitaci\u00f3n con foco en la reconversi\u00f3n laboral enfocado precisamente en aquellos trabajadores jefes y jefas de familias que requieren del apoyo de Estado para enfrentar esta situaci\u00f3n\u201d, coment\u00f3 el Seremi Francisco Brizuela.<\/p>\n<p>&nbsp;<\/p>\n<p><strong>Ranking Nacional<\/strong><\/p>\n<p>La tasa de desocupaci\u00f3n regional fue de 8,7%. Mientras que de mayor a menor tasa de desocupaci\u00f3n, las regiones de La Araucan\u00eda (9,7%), Metropolitana (9,6%) y Atacama (9,5%) consignaron los primeros lugares. Coquimbo (7,9%) ocup\u00f3 el s\u00e9ptimo lugar. En tanto, las menores tasas fueron registradas por las regiones de Los Lagos (3,1%) y Ays\u00e9n (6,0%).<\/p>\n<p>&nbsp;<\/p>\n<p>&nbsp;<\/p>\n<p>&nbsp;<\/p>\n","protected":false},"excerpt":{"rendered":"<p>De mayor a menor tasa de desocupaci\u00f3n, las regiones de La Araucan\u00eda (9,7%), Metropolitana (9,6%) y Atacama (9,5%) consignaron los primeros lugares. Coquimbo (7,9%) ocup\u00f3 el s\u00e9ptimo lugar. &nbsp; En 7,9% se ubic\u00f3 la tasa de desocupaci\u00f3n en la Regi\u00f3n de Coquimbo durante el trimestre m\u00f3vil enero-marzo 2024 de acuerdo<\/p>\n","protected":false},"author":1,"featured_media":3499,"comment_status":"open","ping_status":"open","sticky":false,"template":"","format":"standard","meta":{"footnotes":""},"categories":[1],"tags":[],"class_list":["post-3498","post","type-post","status-publish","format-standard","has-post-thumbnail","hentry","category-noticias-regionales"],"_links":{"self":[{"href":"https:\/\/minutaregional.cl\/index.php?rest_route=\/wp\/v2\/posts\/3498","targetHints":{"allow":["GET"]}}],"collection":[{"href":"https:\/\/minutaregional.cl\/index.php?rest_route=\/wp\/v2\/posts"}],"about":[{"href":"https:\/\/minutaregional.cl\/index.php?rest_route=\/wp\/v2\/types\/post"}],"author":[{"embeddable":true,"href":"https:\/\/minutaregional.cl\/index.php?rest_route=\/wp\/v2\/users\/1"}],"replies":[{"embeddable":true,"href":"https:\/\/minutaregional.cl\/index.php?rest_route=%2Fwp%2Fv2%2Fcomments&post=3498"}],"version-history":[{"count":1,"href":"https:\/\/minutaregional.cl\/index.php?rest_route=\/wp\/v2\/posts\/3498\/revisions"}],"predecessor-version":[{"id":3500,"href":"https:\/\/minutaregional.cl\/index.php?rest_route=\/wp\/v2\/posts\/3498\/revisions\/3500"}],"wp:featuredmedia":[{"embeddable":true,"href":"https:\/\/minutaregional.cl\/index.php?rest_route=\/wp\/v2\/media\/3499"}],"wp:attachment":[{"href":"https:\/\/minutaregional.cl\/index.php?rest_route=%2Fwp%2Fv2%2Fmedia&parent=3498"}],"wp:term":[{"taxonomy":"category","embeddable":true,"href":"https:\/\/minutaregional.cl\/index.php?rest_route=%2Fwp%2Fv2%2Fcategories&post=3498"},{"taxonomy":"post_tag","embeddable":true,"href":"https:\/\/minutaregional.cl\/index.php?rest_route=%2Fwp%2Fv2%2Ftags&post=3498"}],"curies":[{"name":"wp","href":"https:\/\/api.w.org\/{rel}","templated":true}]}}