{"id":3495,"date":"2024-05-01T21:56:04","date_gmt":"2024-05-01T21:56:04","guid":{"rendered":"https:\/\/minutaregional.cl\/?p=3495"},"modified":"2024-05-01T21:56:04","modified_gmt":"2024-05-01T21:56:04","slug":"mas-de-370-personas-privadas-de-libertad-trabajan-con-miras-a-la-reinsercion-social","status":"publish","type":"post","link":"https:\/\/minutaregional.cl\/?p=3495","title":{"rendered":"M\u00e1s de 370 personas privadas de libertad trabajan con miras a la reinserci\u00f3n social"},"content":{"rendered":"<p>En el marco de la conmemoraci\u00f3n del d\u00eda internacional del trabajador y trabajadora, el seremi de justicia y Derechos Humanos de la regi\u00f3n de Coquimbo, Rub\u00e9n Garc\u00eda Tapia, expone la importancia de las oportunidades labores en los procesos de reinserci\u00f3n, que experimentan las personas privadas de libertad durante el cumplimiento de su condena.<\/p>\n<p>\u201cComo Ministerio de Justicia y Derechos Humanos junto a Gendarmer\u00eda de Chile, queremos visibilizar las oportunidades laborales que se entregan al interior de las unidades penales, espec\u00edficamente en los galpones laborales del Complejo Penitenciario de La Serena, en el cual, a trav\u00e9s de una alianza p\u00fablico-privada, se otorgan oportunidades laborales a aquellas personas privadas de libertad que tienen buen comportamiento\u201d se\u00f1al\u00f3 Garc\u00eda Tapia.<\/p>\n<p>Seg\u00fan datos entregados por Gendarmer\u00eda de Chile regi\u00f3n de Coquimbo, espec\u00edficamente en el Complejo Penitenciario La Serena, existe un total de 165 ofertas laborales, que corresponden a las \u00e1reas de alimentaci\u00f3n, mantenimiento, construcci\u00f3n, jardines, lavander\u00eda, aseo general y de m\u00f3dulos.<\/p>\n<p>Estos trabajos son remunerados e incluyen todas las prestaciones de acuerdo a lo se\u00f1alado en la Ley laboral, teniendo como base el sueldo m\u00ednimo actual, con sueldos proporcionales a las horas trabajadas, \u201cen el cual se cumplen todas las legislaciones laborales y que son, efectivamente, oportunidades de reinserci\u00f3n social potentes para cambiar sus vidas\u201d, destac\u00f3 la autoridad de la cartera de Justicia.<\/p>\n<p>Finalmente, y en relaci\u00f3n a las capacitaciones dirigidas a internos e internas en el \u00e1mbito de la formaci\u00f3n laboral, 211 personas trabajan en otras \u00e1reas de trabajo, como lo son: muebler\u00eda, peluquer\u00eda, talabarter\u00eda, tapicer\u00eda, zapater\u00eda, artesan\u00edas varias, corte y confecci\u00f3n.<\/p>\n<p>En total son 376 personas privadas de libertad las que se encuentran trabajando de manera activa mientras cumplen su condena.<\/p>\n","protected":false},"excerpt":{"rendered":"<p>En el marco de la conmemoraci\u00f3n del d\u00eda internacional del trabajador y trabajadora, el seremi de justicia y Derechos Humanos de la regi\u00f3n de Coquimbo, Rub\u00e9n Garc\u00eda Tapia, expone la importancia de las oportunidades labores en los procesos de reinserci\u00f3n, que experimentan las personas privadas de libertad durante el cumplimiento<\/p>\n","protected":false},"author":1,"featured_media":3496,"comment_status":"open","ping_status":"open","sticky":false,"template":"","format":"standard","meta":{"footnotes":""},"categories":[7],"tags":[],"class_list":["post-3495","post","type-post","status-publish","format-standard","has-post-thumbnail","hentry","category-serviciospublicos"],"_links":{"self":[{"href":"https:\/\/minutaregional.cl\/index.php?rest_route=\/wp\/v2\/posts\/3495","targetHints":{"allow":["GET"]}}],"collection":[{"href":"https:\/\/minutaregional.cl\/index.php?rest_route=\/wp\/v2\/posts"}],"about":[{"href":"https:\/\/minutaregional.cl\/index.php?rest_route=\/wp\/v2\/types\/post"}],"author":[{"embeddable":true,"href":"https:\/\/minutaregional.cl\/index.php?rest_route=\/wp\/v2\/users\/1"}],"replies":[{"embeddable":true,"href":"https:\/\/minutaregional.cl\/index.php?rest_route=%2Fwp%2Fv2%2Fcomments&post=3495"}],"version-history":[{"count":1,"href":"https:\/\/minutaregional.cl\/index.php?rest_route=\/wp\/v2\/posts\/3495\/revisions"}],"predecessor-version":[{"id":3497,"href":"https:\/\/minutaregional.cl\/index.php?rest_route=\/wp\/v2\/posts\/3495\/revisions\/3497"}],"wp:featuredmedia":[{"embeddable":true,"href":"https:\/\/minutaregional.cl\/index.php?rest_route=\/wp\/v2\/media\/3496"}],"wp:attachment":[{"href":"https:\/\/minutaregional.cl\/index.php?rest_route=%2Fwp%2Fv2%2Fmedia&parent=3495"}],"wp:term":[{"taxonomy":"category","embeddable":true,"href":"https:\/\/minutaregional.cl\/index.php?rest_route=%2Fwp%2Fv2%2Fcategories&post=3495"},{"taxonomy":"post_tag","embeddable":true,"href":"https:\/\/minutaregional.cl\/index.php?rest_route=%2Fwp%2Fv2%2Ftags&post=3495"}],"curies":[{"name":"wp","href":"https:\/\/api.w.org\/{rel}","templated":true}]}}