{"id":3469,"date":"2024-04-25T21:30:05","date_gmt":"2024-04-25T21:30:05","guid":{"rendered":"https:\/\/minutaregional.cl\/?p=3469"},"modified":"2024-04-25T21:30:05","modified_gmt":"2024-04-25T21:30:05","slug":"un-75-de-avance-presentan-las-obras-de-centro-comunitario-de-cuidado-y-proteccion-de-peralillo","status":"publish","type":"post","link":"https:\/\/minutaregional.cl\/?p=3469","title":{"rendered":"Un 75% de avance presentan las obras de Centro Comunitario de Cuidado y Protecci\u00f3n de Peralillo"},"content":{"rendered":"<ul>\n<li><strong>El proyecto que fue desarrollado por la Municipalidad de Illapel, cuenta con financiamiento para su construcci\u00f3n del Programa de Habitabilidad Rural del Ministerio de Vivienda y Urbanismo. <\/strong><\/li>\n<\/ul>\n<p>&nbsp;<\/p>\n<p>En compa\u00f1\u00eda de vecinos de Peralillo, el alcalde de Illapel, Denis Cort\u00e9s Aguilera, junto al Seremi de Desarrollo Social, Eduardo Alcayaga, visitaron las obras del Centro Comunitario de Cuidado y Protecci\u00f3n de Peralillo, el cual es el tercero de estas caracter\u00edsticas a nivel regional. Las instalaciones presentan un 75% de avance y su importancia radica que se prioriz\u00f3 una localidad rural como Peralillo para su instalaci\u00f3n.<\/p>\n<p>&nbsp;<\/p>\n<p>El proyecto incorpora una sala multifuncional que permitir\u00e1n desarrollar actividades sociales, productivas, de salud y culturales, una cocina, ba\u00f1os inclusivos, una oficina administrativa o atenci\u00f3n p\u00fablico, una oficina de reuniones, una sala de cuidados, una sala de econom\u00eda local, patio destinado a actividades culturales actividades y jardines de bajo consumo h\u00eddrico, alcanzando una superficie total de 238 m2 a construir.<\/p>\n<p>&nbsp;<\/p>\n<p>\u201cEst\u00e1 quedando muy lindo, espectacular y para nosotros va a ser de mucha ayuda para toda la comunidad y es algo que quedar\u00e1 para nuestros hijos, nuestros nietos, tenemos harta familia ac\u00e1 tambi\u00e9n, as\u00ed que va a ser muy bien aprovechada, muy bienvenida. Est\u00e1 quedando muy linda, est\u00e1 muy avanzada. No imagin\u00e1bamos tener un centro as\u00ed, yo soy nacida y criada en Peralillo y es un orgullo tener un centro de estas caracter\u00edsticas aqu\u00ed\u201d, coment\u00f3 orgullosa Beatriz Paz.<\/p>\n<p>&nbsp;<\/p>\n<p>En tanto su hermana Mireya, coment\u00f3 que, \u201cest\u00e1 quedando muy bonito, para nosotros es una bendici\u00f3n tener este lugar, ya que no hab\u00eda sede de vecinos. Todo lo que sea mejor para la comunidad, nosotros lo apoyamos y estamos felices con este lugar tan hermoso\u201d, indic\u00f3.<\/p>\n<p>&nbsp;<\/p>\n<p>El alcalde de Illapel, Denis Cort\u00e9s Aguilera, se mostr\u00f3 feliz por el avance del proyecto, \u201cva tomando forma una iniciativa, que, con mucho esfuerzo, cari\u00f1o, trabajamos y postulamos el a\u00f1o pasado. Creemos que Peralillo necesitaba una inversi\u00f3n como esta que va a permitir albergar distintos sectores, una sala de reuniones amplia como esta o sala para desarrollar distintas actividades, una sala m\u00e1s bien dedicada por ejemplo a los emprendedores, otra sala de cuidado, espacios para poder tambi\u00e9n desarrollar actividades de entretenci\u00f3n, es decir, un espacio para toda la familia\u201d.<\/p>\n<p>&nbsp;<\/p>\n<p><strong>Alianza de Ministerio de Desarrollo Social y Ministerio de la Mujer y Equidad de G\u00e9nero<\/strong><\/p>\n<p>&nbsp;<\/p>\n<p>Con la inauguraci\u00f3n del Centro, el Ministerio de Desarrollo Social en alianza con el Ministerio de la Mujer y Equidad de G\u00e9nero, ha dispuesto de una inversi\u00f3n de 57 millones 900 mil pesos para apoyar la labor de las personas cuidadoras, en el marco del programa \u201cChile Cuida\u201d, con el objetivo de reconocer y mejorar la calidad de vida de personas que requieren cuidados y de las personas cuidadoras, que en su mayor\u00eda son mujeres jefas de hogar, a trav\u00e9s de la implementaci\u00f3n de talleres y un programa especial. \u00a0\u201cUna vez que se inaugure este centro cuenta con un financiamiento de parte del Ministerio de Desarrollo Social, para poder implementar talleres y un programa especial para los vecinos de ac\u00e1 de Peralillo y especialmente los cuidadores y cuidadoras que existan ac\u00e1 en este lugar. As\u00ed que estamos contentos porque no es s\u00f3lo una nueva infraestructura sino una nueva oferta de programa\u201d, explic\u00f3 el alcalde Cort\u00e9s Aguilera.<\/p>\n<p>&nbsp;<\/p>\n<p>Por su parte, el Seremi de Desarrollo Social, Eduardo Alcayaga se\u00f1al\u00f3 que \u201clas cuidadoras est\u00e1n invisibilizadas, hoy d\u00eda estamos justamente ya implementando todo un sistema, el Chile Cuida, en estos centros comunitarios de cuidado y protecci\u00f3n. Para nosotros es muy importante justamente la experiencia, visitamos este espacio con la autoridad comunal, con el alcalde y tambi\u00e9n con los vecinos. Creemos que esto justamente abre un espacio, un camino de luz que las personas cuidadoras van a tener la posibilidad ya de preocuparse de s\u00ed mismas, de poder ser atendidas, de ser conectadas a las redes sociales, a las redes tambi\u00e9n de la oferta que este sistema nos va a permitir coordinar desde el Estado para fortalecer programas, implementar algunos nuevos y en el fondo vamos a poder cuidar a quienes cuidan\u201d.<\/p>\n<p>&nbsp;<\/p>\n<p>Cabe destacar que el proyecto del Centro Comunitario de Cuidado y Protecci\u00f3n de Peralillo, fue impulsado por la Municipalidad de Illapel y es financiada por el Ministerio de Vivienda y Urbanismo, con una inversi\u00f3n superior a los 280 millones de pesos. Corresponde al tercer centro de esas caracter\u00edsticas que se construir\u00e1 en la regi\u00f3n, sum\u00e1ndose a los de Coquimbo y Monte Patria.<\/p>\n<p>&nbsp;<\/p>\n<p>&nbsp;<\/p>\n","protected":false},"excerpt":{"rendered":"<p>El proyecto que fue desarrollado por la Municipalidad de Illapel, cuenta con financiamiento para su construcci\u00f3n del Programa de Habitabilidad Rural del Ministerio de Vivienda y Urbanismo. &nbsp; En compa\u00f1\u00eda de vecinos de Peralillo, el alcalde de Illapel, Denis Cort\u00e9s Aguilera, junto al Seremi de Desarrollo Social, Eduardo Alcayaga, visitaron<\/p>\n","protected":false},"author":1,"featured_media":3470,"comment_status":"open","ping_status":"open","sticky":false,"template":"","format":"standard","meta":{"footnotes":""},"categories":[1],"tags":[],"class_list":["post-3469","post","type-post","status-publish","format-standard","has-post-thumbnail","hentry","category-noticias-regionales"],"_links":{"self":[{"href":"https:\/\/minutaregional.cl\/index.php?rest_route=\/wp\/v2\/posts\/3469","targetHints":{"allow":["GET"]}}],"collection":[{"href":"https:\/\/minutaregional.cl\/index.php?rest_route=\/wp\/v2\/posts"}],"about":[{"href":"https:\/\/minutaregional.cl\/index.php?rest_route=\/wp\/v2\/types\/post"}],"author":[{"embeddable":true,"href":"https:\/\/minutaregional.cl\/index.php?rest_route=\/wp\/v2\/users\/1"}],"replies":[{"embeddable":true,"href":"https:\/\/minutaregional.cl\/index.php?rest_route=%2Fwp%2Fv2%2Fcomments&post=3469"}],"version-history":[{"count":1,"href":"https:\/\/minutaregional.cl\/index.php?rest_route=\/wp\/v2\/posts\/3469\/revisions"}],"predecessor-version":[{"id":3471,"href":"https:\/\/minutaregional.cl\/index.php?rest_route=\/wp\/v2\/posts\/3469\/revisions\/3471"}],"wp:featuredmedia":[{"embeddable":true,"href":"https:\/\/minutaregional.cl\/index.php?rest_route=\/wp\/v2\/media\/3470"}],"wp:attachment":[{"href":"https:\/\/minutaregional.cl\/index.php?rest_route=%2Fwp%2Fv2%2Fmedia&parent=3469"}],"wp:term":[{"taxonomy":"category","embeddable":true,"href":"https:\/\/minutaregional.cl\/index.php?rest_route=%2Fwp%2Fv2%2Fcategories&post=3469"},{"taxonomy":"post_tag","embeddable":true,"href":"https:\/\/minutaregional.cl\/index.php?rest_route=%2Fwp%2Fv2%2Ftags&post=3469"}],"curies":[{"name":"wp","href":"https:\/\/api.w.org\/{rel}","templated":true}]}}