{"id":3452,"date":"2024-04-23T10:42:39","date_gmt":"2024-04-23T10:42:39","guid":{"rendered":"https:\/\/minutaregional.cl\/?p=3452"},"modified":"2024-04-23T16:50:43","modified_gmt":"2024-04-23T16:50:43","slug":"ley-40-horas-madres-y-padres-de-ninos-menores-de-12-anos-podran-adelantar-o-retrasar-el-ingreso-al-trabajo","status":"publish","type":"post","link":"https:\/\/minutaregional.cl\/?p=3452","title":{"rendered":"Ley 40 horas: Madres y padres de ni\u00f1os menores de 12 a\u00f1os podr\u00e1n adelantar o retrasar el ingreso al trabajo"},"content":{"rendered":"<p><strong><em>La ley establece el derecho para que madres, padres y cuidadores de ni\u00f1os menores de 12 a\u00f1os puedan diferir el ingreso y salida del trabajo, para, por ejemplo, adecuarlo a los horarios escolares.<\/em><\/strong><\/p>\n<p>&nbsp;<\/p>\n<p><em>Martes 23 de abril de 2024.-<\/em> Ya no queda nada. S\u00f3lo tres d\u00edas faltan para que, este viernes 26 de abril, comience la implementaci\u00f3n de la Ley de 40 horas, una norma que, para permitir la adecuaci\u00f3n de la econom\u00eda y no afectar a las empresas peque\u00f1as y medianas, contempla una gradualidad de cinco a\u00f1os para reducir la jornada laboral de 45 a 40 horas semanales.<\/p>\n<p>As\u00ed, de forma obligatoria desde este viernes, la jornada laboral tendr\u00e1 un primer descenso al pasar de 45 a 44 horas semanales. El camino hacia las 40 horas continuar\u00e1 en 2026, cuando en la misma fecha y mes bajar\u00e1 a 42 horas y, luego, en 2028, a 40 horas.<\/p>\n<p>El nuevo marco legal, en todo caso, es m\u00e1s amplio, ya que contempla una serie de otras modificaciones y medidas, como la posibilidad de compensar las horas extraordinarias con hasta cinco d\u00edas de vacaciones o la restricci\u00f3n de uso al art\u00edculo 22 inciso segundo del C\u00f3digo del Trabajo, que regula la exenci\u00f3n de jornada.<\/p>\n<p>Pero hay otras innovaciones que introduce la ley. Una es que incorpora el derecho, para trabajadores que son madres, padres o cuidadores de ni\u00f1os de hasta 12 a\u00f1os, de adecuar la jornada laboral con bandas horarias. Es decir, podr\u00e1n anticipar o retrasar hasta en una hora el comienzo de sus labores, lo que determinar\u00e1 tambi\u00e9n el horario de salida al final de la jornada.<\/p>\n<p>Por ejemplo, si un trabajador ingresa por contrato a las 9.00 horas y sale a las 17.00 horas, podr\u00e1 adelantar el ingreso a las 8.00 y retirarse a las 16.00; o bien, retrasar la entrada a las 10.00 y salir a las 18.00.<\/p>\n<p>Esta medida busca permitir una mejor conciliaci\u00f3n de la vida laboral, familiar y personal, pues madres, padres y cuidadores de ni\u00f1os menores de 12 a\u00f1os podr\u00e1n adecuar su ingreso o salida a los horarios escolares.<\/p>\n<p>\u201cEsta es una de las innovaciones m\u00e1s importantes que se aprobaron en la Ley, porque contempla mecanismos que promueven la corresponsabilidad de los cuidados, permitiendo bandas de ingreso y salida diferida del trabajo como un derecho que le asiste a los padres, madres o personas que tengan ni\u00f1os y ni\u00f1as a su cuidado\u201d, dijo la ministra del Trabajo y Previsi\u00f3n Social, Jeannette Jara.<\/p>\n<p>El Seremi del Trabajo, Francisco Brizuela, desatac\u00f3 la iniciativa y coment\u00f3 que \u201cen concreto se avanza en uno de los lineamientos de nuestro Gobierno como lo es el Trabajo Decente y la conciliaci\u00f3n de la vida familiar, laboral y personal, entregando mayor flexibilidad a los trabajadores y trabajadoras permitiendo mayor balance entre las responsabilidades laborales y el tiempo familiar\u201d.<\/p>\n<p>&nbsp;<\/p>\n<p><strong>\u00bfC\u00f3mo se ejerce el derecho?<\/strong><\/p>\n<p>Para ejercer este derecho se deber\u00e1 entregar al empleador el respectivo certificado de nacimiento o la sentencia que le otorgue el cuidado personal de un ni\u00f1o o ni\u00f1a menor de 12 a\u00f1os.<\/p>\n<p>El empleador no podr\u00e1 negarse, salvo que el funcionamiento de la empresa sea en un horario que no permita anticipar o postergar la jornada de trabajo. Por ejemplo, en atenci\u00f3n de servicios de urgencia, trabajos por turnos, entre otros. Si ambos padres son trabajadores, cualquiera de ellos podr\u00e1 obtener el beneficio, a elecci\u00f3n de la madre.<\/p>\n<p><strong>\u00a0<\/strong><\/p>\n<p><strong>Ley de 40 horas<\/strong><\/p>\n<p>La Ley de 40 Horas establece que las empresas pueden reducir la jornada a 40 horas desde ya, de forma voluntaria y anticipada, sin esperar la gradualidad de cinco a\u00f1os se\u00f1alada. En dicho caso, podr\u00e1n acceder a otras regulaciones de la Ley de 40 horas, como, por ejemplo, acordar con los trabajadores que la jornada se distribuya en cuatro d\u00edas de trabajo por tres de descanso, conocida como 4\u00d73, lo que es una innovaci\u00f3n adoptada tambi\u00e9n en otros pa\u00edses.<\/p>\n<p>En el caso de anticiparse a la reducci\u00f3n, las empresas pueden postular al \u201cSello 40 Horas\u201d (https:\/\/www.mintrab.gob.cl\/certificacion-empresas-40-horas\/), que consiste en un reconocimiento p\u00fablico, de car\u00e1cter promocional, que otorga gratuitamente el Ministerio del Trabajo y Previsi\u00f3n Social, como una acci\u00f3n concreta de fomento al trabajo decente y al desarrollo de un buen vivir.<\/p>\n<p>La Ley de 40 Horas fue despachada por el Congreso en abril del a\u00f1o pasado y promulgada el mismo mes por el Presidente Gabriel Boric.<\/p>\n<p>&nbsp;<\/p>\n","protected":false},"excerpt":{"rendered":"<p>La ley establece el derecho para que madres, padres y cuidadores de ni\u00f1os menores de 12 a\u00f1os puedan diferir el ingreso y salida del trabajo, para, por ejemplo, adecuarlo a los horarios escolares. &nbsp; Martes 23 de abril de 2024.- Ya no queda nada. S\u00f3lo tres d\u00edas faltan para que,<\/p>\n","protected":false},"author":1,"featured_media":3453,"comment_status":"open","ping_status":"open","sticky":false,"template":"","format":"standard","meta":{"footnotes":""},"categories":[1],"tags":[],"class_list":["post-3452","post","type-post","status-publish","format-standard","has-post-thumbnail","hentry","category-noticias-regionales"],"_links":{"self":[{"href":"https:\/\/minutaregional.cl\/index.php?rest_route=\/wp\/v2\/posts\/3452","targetHints":{"allow":["GET"]}}],"collection":[{"href":"https:\/\/minutaregional.cl\/index.php?rest_route=\/wp\/v2\/posts"}],"about":[{"href":"https:\/\/minutaregional.cl\/index.php?rest_route=\/wp\/v2\/types\/post"}],"author":[{"embeddable":true,"href":"https:\/\/minutaregional.cl\/index.php?rest_route=\/wp\/v2\/users\/1"}],"replies":[{"embeddable":true,"href":"https:\/\/minutaregional.cl\/index.php?rest_route=%2Fwp%2Fv2%2Fcomments&post=3452"}],"version-history":[{"count":1,"href":"https:\/\/minutaregional.cl\/index.php?rest_route=\/wp\/v2\/posts\/3452\/revisions"}],"predecessor-version":[{"id":3454,"href":"https:\/\/minutaregional.cl\/index.php?rest_route=\/wp\/v2\/posts\/3452\/revisions\/3454"}],"wp:featuredmedia":[{"embeddable":true,"href":"https:\/\/minutaregional.cl\/index.php?rest_route=\/wp\/v2\/media\/3453"}],"wp:attachment":[{"href":"https:\/\/minutaregional.cl\/index.php?rest_route=%2Fwp%2Fv2%2Fmedia&parent=3452"}],"wp:term":[{"taxonomy":"category","embeddable":true,"href":"https:\/\/minutaregional.cl\/index.php?rest_route=%2Fwp%2Fv2%2Fcategories&post=3452"},{"taxonomy":"post_tag","embeddable":true,"href":"https:\/\/minutaregional.cl\/index.php?rest_route=%2Fwp%2Fv2%2Ftags&post=3452"}],"curies":[{"name":"wp","href":"https:\/\/api.w.org\/{rel}","templated":true}]}}