{"id":3409,"date":"2024-04-11T20:51:49","date_gmt":"2024-04-11T20:51:49","guid":{"rendered":"https:\/\/minutaregional.cl\/?p=3409"},"modified":"2024-04-11T20:51:49","modified_gmt":"2024-04-11T20:51:49","slug":"autoridades-llaman-a-consultar-registro-de-inhabilidades-para-trabajar-con-menores-de-edad","status":"publish","type":"post","link":"https:\/\/minutaregional.cl\/?p=3409","title":{"rendered":"Autoridades llaman a consultar Registro de Inhabilidades para Trabajar con Menores de Edad"},"content":{"rendered":"<ul>\n<li data-leveltext=\"\uf0b7\" data-font=\"Symbol\" data-listid=\"32\" data-list-defn-props=\"{&quot;335552541&quot;:1,&quot;335559685&quot;:720,&quot;335559991&quot;:360,&quot;469769226&quot;:&quot;Symbol&quot;,&quot;469769242&quot;:[8226],&quot;469777803&quot;:&quot;left&quot;,&quot;469777804&quot;:&quot;\uf0b7&quot;,&quot;469777815&quot;:&quot;hybridMultilevel&quot;}\" aria-setsize=\"-1\" data-aria-posinset=\"1\" data-aria-level=\"1\"><span data-contrast=\"auto\">La consulta se realiza en la web del Servicio de Registro Civil y es totalmente gratuita.<\/span><span data-ccp-props=\"{&quot;201341983&quot;:0,&quot;335551550&quot;:6,&quot;335551620&quot;:6,&quot;335559739&quot;:200,&quot;335559740&quot;:240}\">\u00a0<\/span><\/li>\n<\/ul>\n<p><span data-contrast=\"auto\">El seremi de Justicia y Derechos Humanos, Rub\u00e9n Garc\u00eda Tapia en conjunto a la directora regional del Registro Civil, Daniela Jacob, hicieron un llamado a las madres, padres y tutores a consultar el Registro de Inhabilidades para Trabajar con Menores de Edad, antes de contratar servicios para sus hijos e hijas como transporte escolar, clases particulares, cuidadores u otros servicios relacionados con ni\u00f1os.<\/span><span data-ccp-props=\"{&quot;201341983&quot;:0,&quot;335551550&quot;:6,&quot;335551620&quot;:6,&quot;335559739&quot;:200,&quot;335559740&quot;:240}\">\u00a0<\/span><\/p>\n<p><span data-contrast=\"auto\">Seg\u00fan datos del Registro Civil, al 31 de enero de este a\u00f1o, en el Registro de Inhabilidades hay en total 15.591 personas, en el caso de la regi\u00f3n de Coquimbo, 398 personas se encuentran registradas.\u00a0<\/span><span data-ccp-props=\"{&quot;201341983&quot;:0,&quot;335551550&quot;:6,&quot;335551620&quot;:6,&quot;335559739&quot;:200,&quot;335559740&quot;:240}\">\u00a0<\/span><\/p>\n<p><span data-contrast=\"auto\">Al respecto, Garc\u00eda Tapia se\u00f1al\u00f3 que \u201ceste registro se actualiza a diario, y desde sus inicios ha recibido consultas por parte de la ciudadan\u00eda, transform\u00e1ndose en una herramienta gratuita de enorme utilidad para los padres y madres que deben escoger a las personas que se vinculan con el cuidado de sus hijos o hijas\u201d.<\/span><span data-ccp-props=\"{&quot;201341983&quot;:0,&quot;335551550&quot;:6,&quot;335551620&quot;:6,&quot;335559739&quot;:200,&quot;335559740&quot;:240}\">\u00a0<\/span><\/p>\n<p><span data-contrast=\"auto\">Por su parte, la directora del Registro Civil hizo un llamado a cuidadores a revisar esta herramienta, \u201cel d\u00eda que necesiten contratar personas para trabajar con ni\u00f1os y ni\u00f1as o el cuidado de personas con discapacidad o adultos mayores, consulte el registro de inhabilidades porque hoy d\u00eda est\u00e1 disponible a trav\u00e9s de la p\u00e1gina web del Registro Civil en lo que son registros de consultas en l\u00ednea y con esto podemos evitar tener consecuencias que despu\u00e9s lamentemos\u201d.<\/span><span data-ccp-props=\"{&quot;201341983&quot;:0,&quot;335551550&quot;:6,&quot;335551620&quot;:6,&quot;335559739&quot;:200,&quot;335559740&quot;:240}\">\u00a0<\/span><\/p>\n<p><span data-contrast=\"auto\">Para realizar una consulta en el Registro de Inhabilidades, se debe acceder a www.registrocivil.cl, pinchar el link \u201cservicios en l\u00ednea\u201d, luego seleccionar \u201cconsultas de registros en l\u00ednea\u201d, e ingresar a \u201cinhabilidades para trabajar con menores\u201d. En dicha pantalla, se requerir\u00e1 el nombre y RUN del solicitante y de la persona consultada, para acceder a la informaci\u00f3n requerida.<\/span><span data-ccp-props=\"{&quot;201341983&quot;:0,&quot;335551550&quot;:6,&quot;335551620&quot;:6,&quot;335559739&quot;:200,&quot;335559740&quot;:240}\">\u00a0<\/span><\/p>\n","protected":false},"excerpt":{"rendered":"<p>La consulta se realiza en la web del Servicio de Registro Civil y es totalmente gratuita.\u00a0 El seremi de Justicia y Derechos Humanos, Rub\u00e9n Garc\u00eda Tapia en conjunto a la directora regional del Registro Civil, Daniela Jacob, hicieron un llamado a las madres, padres y tutores a consultar el Registro<\/p>\n","protected":false},"author":1,"featured_media":3410,"comment_status":"open","ping_status":"open","sticky":false,"template":"","format":"standard","meta":{"footnotes":""},"categories":[7],"tags":[],"class_list":["post-3409","post","type-post","status-publish","format-standard","has-post-thumbnail","hentry","category-serviciospublicos"],"_links":{"self":[{"href":"https:\/\/minutaregional.cl\/index.php?rest_route=\/wp\/v2\/posts\/3409","targetHints":{"allow":["GET"]}}],"collection":[{"href":"https:\/\/minutaregional.cl\/index.php?rest_route=\/wp\/v2\/posts"}],"about":[{"href":"https:\/\/minutaregional.cl\/index.php?rest_route=\/wp\/v2\/types\/post"}],"author":[{"embeddable":true,"href":"https:\/\/minutaregional.cl\/index.php?rest_route=\/wp\/v2\/users\/1"}],"replies":[{"embeddable":true,"href":"https:\/\/minutaregional.cl\/index.php?rest_route=%2Fwp%2Fv2%2Fcomments&post=3409"}],"version-history":[{"count":1,"href":"https:\/\/minutaregional.cl\/index.php?rest_route=\/wp\/v2\/posts\/3409\/revisions"}],"predecessor-version":[{"id":3411,"href":"https:\/\/minutaregional.cl\/index.php?rest_route=\/wp\/v2\/posts\/3409\/revisions\/3411"}],"wp:featuredmedia":[{"embeddable":true,"href":"https:\/\/minutaregional.cl\/index.php?rest_route=\/wp\/v2\/media\/3410"}],"wp:attachment":[{"href":"https:\/\/minutaregional.cl\/index.php?rest_route=%2Fwp%2Fv2%2Fmedia&parent=3409"}],"wp:term":[{"taxonomy":"category","embeddable":true,"href":"https:\/\/minutaregional.cl\/index.php?rest_route=%2Fwp%2Fv2%2Fcategories&post=3409"},{"taxonomy":"post_tag","embeddable":true,"href":"https:\/\/minutaregional.cl\/index.php?rest_route=%2Fwp%2Fv2%2Ftags&post=3409"}],"curies":[{"name":"wp","href":"https:\/\/api.w.org\/{rel}","templated":true}]}}