{"id":3386,"date":"2024-04-04T20:27:35","date_gmt":"2024-04-04T20:27:35","guid":{"rendered":"https:\/\/minutaregional.cl\/?p=3386"},"modified":"2024-04-04T20:27:35","modified_gmt":"2024-04-04T20:27:35","slug":"celebracion-del-135-natalicio-de-gabriela-mistral-estara-enmarcada-en-influencia-de-su-paso-por-montegrande","status":"publish","type":"post","link":"https:\/\/minutaregional.cl\/?p=3386","title":{"rendered":"Celebraci\u00f3n del 135\u00b0 natalicio de Gabriela Mistral estar\u00e1 enmarcada en influencia de su paso por Montegrande"},"content":{"rendered":"<ul>\n<li><strong><em>En la instancia se analizar\u00e1 c\u00f3mo su etapa en el pueblo precordillerano de la comuna de Paihuano, influy\u00f3 en su obra, mirada del mundo y posici\u00f3n pol\u00edtica. Tambi\u00e9n se desarrollar\u00e1 un conversatorio y exhibir\u00e1n obras en torno a la Premio Nobel.<\/em><\/strong><\/li>\n<\/ul>\n<p>En la Casa Puka-Yana, Punto de Cultura Comunitaria de la comuna de Paihuano, se llevar\u00e1 a cabo la celebraci\u00f3n de los 135 a\u00f1os del natalicio de Gabriela Mistral, ganadora del Premio Nobel de Literatura el a\u00f1o 1945.<\/p>\n<p>La instancia est\u00e1 enmarcada en la conmemoraci\u00f3n del Mes del Libro, en el a\u00f1o de las lecturas para las infancias y adolescencias del Ministerio de las Culturas, las Artes y el Patrimonio.<\/p>\n<p>El seremi de la cartera, Cedric Steinlen Cuevas, destac\u00f3 que la celebraci\u00f3n del natalicio de la poeta elquina se desarrolle en un Punto de Cultura Comunitaria, parte del programa presidencial que persigue fortalecer a las organizaciones de base comunitaria a trav\u00e9s del reconocimiento y apoyo al desarrollo de pr\u00e1cticas socioculturales y art\u00edsticas.<\/p>\n<p>\u201cEsto revierte de una gran significaci\u00f3n, ya que este programa del Presidente Gabriel Boric juega un rol clave en el desarrollo de las culturas de la regi\u00f3n de Coquimbo y por esta raz\u00f3n es que quisimos hacer la actividad de conmemoraci\u00f3n del natalicio de Gabriela Mistral en este lugar\u201d, recalc\u00f3 Steinlen.<\/p>\n<p>En la jornada, se llevar\u00e1 a cabo la exposici\u00f3n \u201cLa Ni\u00f1a de Montegrande: Valle e Infancia de Gabriela Mistral\u201d, de la investigadora y autora mistraliana Claudia Reyes Garc\u00eda, que abarca la vida de la poeta en la que vivi\u00f3 en esta localidad del valle de Elqui y c\u00f3mo influy\u00f3 en su obra, mirada del mundo y posici\u00f3n pol\u00edtica.<\/p>\n<p>Al respecto Steinlen explic\u00f3 que \u201ces significativo que conmemoremos a la Premio Nobel, en la comuna de Paihuano, en esta fecha tan importante, ya que fue en la localidad de Montegrande donde Gabriela Mistral vivi\u00f3 su infancia y aprendi\u00f3 a escribir sus primeras letras de mano de su hermana en la escuela de este pueblo precordillerano\u201d.<\/p>\n<p>Reyes, junto al investigador Rodrigo Marcone encabezar\u00e1n el conversatorio \u201cMontegrande y El Mayab, dos puntos cardinales en la vida de Gabriela Mistral\u201d, para luego dar paso a la muestra \u201cLos Telares Mistralianos\u201d, de Rosa Alcayaga, profesora y guardadora tradicional del legado de la Premio Nobel.<\/p>\n<p>La jornada terminar\u00e1 con una muestra de diversas colecciones art\u00edsticas educativas, que se exhiben en el Centro Cultural- Ecol\u00f3gico de Fundaci\u00f3n Alma Crea, destinadas a difundir y educar en torno al patrimonio natural, cultural, ancestral y campesino del Valle de Elqui<\/p>\n","protected":false},"excerpt":{"rendered":"<p>En la instancia se analizar\u00e1 c\u00f3mo su etapa en el pueblo precordillerano de la comuna de Paihuano, influy\u00f3 en su obra, mirada del mundo y posici\u00f3n pol\u00edtica. Tambi\u00e9n se desarrollar\u00e1 un conversatorio y exhibir\u00e1n obras en torno a la Premio Nobel. En la Casa Puka-Yana, Punto de Cultura Comunitaria de<\/p>\n","protected":false},"author":1,"featured_media":0,"comment_status":"open","ping_status":"open","sticky":false,"template":"","format":"standard","meta":{"footnotes":""},"categories":[16],"tags":[],"class_list":["post-3386","post","type-post","status-publish","format-standard","hentry","category-seremi-de-cultura"],"_links":{"self":[{"href":"https:\/\/minutaregional.cl\/index.php?rest_route=\/wp\/v2\/posts\/3386","targetHints":{"allow":["GET"]}}],"collection":[{"href":"https:\/\/minutaregional.cl\/index.php?rest_route=\/wp\/v2\/posts"}],"about":[{"href":"https:\/\/minutaregional.cl\/index.php?rest_route=\/wp\/v2\/types\/post"}],"author":[{"embeddable":true,"href":"https:\/\/minutaregional.cl\/index.php?rest_route=\/wp\/v2\/users\/1"}],"replies":[{"embeddable":true,"href":"https:\/\/minutaregional.cl\/index.php?rest_route=%2Fwp%2Fv2%2Fcomments&post=3386"}],"version-history":[{"count":1,"href":"https:\/\/minutaregional.cl\/index.php?rest_route=\/wp\/v2\/posts\/3386\/revisions"}],"predecessor-version":[{"id":3388,"href":"https:\/\/minutaregional.cl\/index.php?rest_route=\/wp\/v2\/posts\/3386\/revisions\/3388"}],"wp:attachment":[{"href":"https:\/\/minutaregional.cl\/index.php?rest_route=%2Fwp%2Fv2%2Fmedia&parent=3386"}],"wp:term":[{"taxonomy":"category","embeddable":true,"href":"https:\/\/minutaregional.cl\/index.php?rest_route=%2Fwp%2Fv2%2Fcategories&post=3386"},{"taxonomy":"post_tag","embeddable":true,"href":"https:\/\/minutaregional.cl\/index.php?rest_route=%2Fwp%2Fv2%2Ftags&post=3386"}],"curies":[{"name":"wp","href":"https:\/\/api.w.org\/{rel}","templated":true}]}}