{"id":3383,"date":"2024-04-04T20:16:08","date_gmt":"2024-04-04T20:16:08","guid":{"rendered":"https:\/\/minutaregional.cl\/?p=3383"},"modified":"2024-04-04T20:16:08","modified_gmt":"2024-04-04T20:16:08","slug":"subsecretaria-de-gobierno-invita-a-ser-parte-de-la-celebracion-del-dia-mundial-de-la-liberta-de-prensa","status":"publish","type":"post","link":"https:\/\/minutaregional.cl\/?p=3383","title":{"rendered":"Subsecretaria de Gobierno invita a ser parte de la celebraci\u00f3n del D\u00eda Mundial de la Liberta de Prensa"},"content":{"rendered":"<ul>\n<li><strong><em>Junto a estudiantes de la Universidad de La Serena, Nicole Cardoch, dio a conocer detalles del evento mundial que, de forma in\u00e9dita, se llevar\u00e1 a cabo en Santiago este a\u00f1o<\/em><\/strong><\/li>\n<\/ul>\n<p>J\u00f3venes de la carrera de Periodismo, acad\u00e9micos e integrantes de la casa de estudios regional, recibieron la invitaci\u00f3n de la Subsecretaria General de Gobierno, Nicole Cardoch, para ser part\u00edcipes de la 31\u00b0 Conferencia \u201cD\u00eda Mundial de la Libertad de Prensa 2024\u201d, evento internacional del que Chile ser\u00e1 sede los d\u00edas 2,3 y 4 de mayo.<\/p>\n<p>La conferencia es organizada por la UNESCO, la Canciller\u00eda y el Ministerio Secretar\u00eda General de Gobierno y reunir\u00e1 a expertos de distintas partes del mundo para abordar los desaf\u00edos que entrega la labor period\u00edstica frente a la actual crisis medioambiental.<\/p>\n<p>Durante el encuentro, en la que particip\u00f3 el Colegio de Periodistas Consejo Coquimbo y representantes de medios de comunicaci\u00f3n de la zona, la autoridad destac\u00f3 la realizaci\u00f3n de este encuentro como un, pero tambi\u00e9n como una oportunidad para reflexionar sobre c\u00f3mo avanzamos en el pa\u00eds en estas tem\u00e1ticas.<\/p>\n<p><strong>\u201cHoy hemos relevado la importancia hist\u00f3rica que tiene la realizaci\u00f3n de este evento en nuestro pa\u00eds, que pondr\u00e1 a Chile en el centro de la discusi\u00f3n de c\u00f3mo el periodismo y la comunicaci\u00f3n sigue avanzando en una sociedad cada vez m\u00e1s amenazante, con desaf\u00edos que el d\u00eda de ma\u00f1ana van relacionados con el desarrollo de las plataformas digitales, la desinformaci\u00f3n, alfabetizaci\u00f3n digital y sobre todo lo que viven periodistas en zonas de conflicto hoy en el mundo\u201d, afirm\u00f3 la subsecretaria Nicole Cardoch.<\/strong><\/p>\n<p>Respecto a la importante visita e invitaci\u00f3n, la Rectora ULS, Dra. Luperfina Roja indic\u00f3 que <strong>\u201cpara nosotros ha sido un agrado compartir con la Subsecretaria de Gobierno, principalmente porque vino a invitarnos y a mostrar esta actividad que ser\u00e1 tan relevante para nuestro pa\u00eds y sobre todo, la posibilidad de que pudiera compartir con nuestros estudiantes de periodismo, donde sus palabras fueron tremendamente inspiradora sobre la libertad de prensa y su importancia para alcanzar una sociedad m\u00e1s justa y equitativa para todos y todas\u201d.<\/strong><\/p>\n<p>Por su parte, la Seremi de Gobierno, Paulina Mora, agreg\u00f3 que <strong>\u201cpara nosotros este es un hito muy importante, en donde contamos con la participaci\u00f3n de nuestra Subsecretaria General de Gobierno, y que busca entregar informaci\u00f3n respecto de la pr\u00f3xima Conferencia del D\u00eda Mundial de la Libertad de Prensa, instancia que nos posiciona como uno de los referentes en materia de comunicaci\u00f3n y derecho a la informaci\u00f3n\u201d.<\/strong><\/p>\n<p>La actividad desarrollada en el sal\u00f3n Hex\u00e1gono del campus Andr\u00e9s Bello, es la primera que se realiza la subsecretaria Cardoch para dar cuenta del itinerario que se llevar\u00e1 a cabo durante la conferencia, por lo que se repetir\u00e1 en otras casas de estudios superiores, con el objetivo que convocar a un amplio espectro de asistentes.<\/p>\n<p>Las inscripciones para ser parte (presencial u online) de la 31\u00b0 Conferencia \u201cD\u00eda Mundial de la Libertad de Prensa 2024\u201d se pueden realizar a trav\u00e9s de este link \u00a0<a href=\"https:\/\/indico.un.org\/event\/1008559\/\">https:\/\/indico.un.org\/event\/1008559\/<\/a><\/p>\n","protected":false},"excerpt":{"rendered":"<p>Junto a estudiantes de la Universidad de La Serena, Nicole Cardoch, dio a conocer detalles del evento mundial que, de forma in\u00e9dita, se llevar\u00e1 a cabo en Santiago este a\u00f1o J\u00f3venes de la carrera de Periodismo, acad\u00e9micos e integrantes de la casa de estudios regional, recibieron la invitaci\u00f3n de la<\/p>\n","protected":false},"author":1,"featured_media":3384,"comment_status":"open","ping_status":"open","sticky":false,"template":"","format":"standard","meta":{"footnotes":""},"categories":[24],"tags":[],"class_list":["post-3383","post","type-post","status-publish","format-standard","has-post-thumbnail","hentry","category-seremi-de-gobierno"],"_links":{"self":[{"href":"https:\/\/minutaregional.cl\/index.php?rest_route=\/wp\/v2\/posts\/3383","targetHints":{"allow":["GET"]}}],"collection":[{"href":"https:\/\/minutaregional.cl\/index.php?rest_route=\/wp\/v2\/posts"}],"about":[{"href":"https:\/\/minutaregional.cl\/index.php?rest_route=\/wp\/v2\/types\/post"}],"author":[{"embeddable":true,"href":"https:\/\/minutaregional.cl\/index.php?rest_route=\/wp\/v2\/users\/1"}],"replies":[{"embeddable":true,"href":"https:\/\/minutaregional.cl\/index.php?rest_route=%2Fwp%2Fv2%2Fcomments&post=3383"}],"version-history":[{"count":1,"href":"https:\/\/minutaregional.cl\/index.php?rest_route=\/wp\/v2\/posts\/3383\/revisions"}],"predecessor-version":[{"id":3385,"href":"https:\/\/minutaregional.cl\/index.php?rest_route=\/wp\/v2\/posts\/3383\/revisions\/3385"}],"wp:featuredmedia":[{"embeddable":true,"href":"https:\/\/minutaregional.cl\/index.php?rest_route=\/wp\/v2\/media\/3384"}],"wp:attachment":[{"href":"https:\/\/minutaregional.cl\/index.php?rest_route=%2Fwp%2Fv2%2Fmedia&parent=3383"}],"wp:term":[{"taxonomy":"category","embeddable":true,"href":"https:\/\/minutaregional.cl\/index.php?rest_route=%2Fwp%2Fv2%2Fcategories&post=3383"},{"taxonomy":"post_tag","embeddable":true,"href":"https:\/\/minutaregional.cl\/index.php?rest_route=%2Fwp%2Fv2%2Ftags&post=3383"}],"curies":[{"name":"wp","href":"https:\/\/api.w.org\/{rel}","templated":true}]}}