{"id":3358,"date":"2024-04-01T15:42:12","date_gmt":"2024-04-01T15:42:12","guid":{"rendered":"https:\/\/minutaregional.cl\/?p=3358"},"modified":"2024-04-01T15:42:12","modified_gmt":"2024-04-01T15:42:12","slug":"tasa-de-desocupacion-regional-se-situa-en-87-y-presenta-el-sexto-descenso-consecutivo","status":"publish","type":"post","link":"https:\/\/minutaregional.cl\/?p=3358","title":{"rendered":"Tasa de Desocupaci\u00f3n regional se sit\u00faa en 8,7% y presenta el sexto descenso consecutivo"},"content":{"rendered":"<ul>\n<li><strong><em>Gobierno apunta a la activaci\u00f3n de la inversi\u00f3n p\u00fablica y privada para dinamizar la creaci\u00f3n de nuevos puestos de trabajo en la zona.<\/em><\/strong><\/li>\n<\/ul>\n<p><strong><em>\u00a0<\/em><\/strong><\/p>\n<p>La Tasa de Desocupaci\u00f3n se situ\u00f3 en un 8,7% en el periodo diciembre 2023- febrero 2024, siendo este el sexto descenso consecutivo de la tasa de desocupaci\u00f3n desde el periodo junio &#8211; agosto 2023 cuando el \u00edndice alcanz\u00f3 el 11,3%.<\/p>\n<p>&nbsp;<\/p>\n<p>Seg\u00fan el informe emitido el Instituto Nacional de Estad\u00edsticas (INE) la tasa de 8,7% signific\u00f3 un aumento de 0,2 puntos porcentuales (pp.) en comparaci\u00f3n al mismo periodo del a\u00f1o anterior, producto de las reducciones de la fuerza de trabajo en 2,1% y de las personas ocupadas en 2,3%.<\/p>\n<p>&nbsp;<\/p>\n<p>En el an\u00e1lisis por territorio las tasas de desocupaci\u00f3n de las provincias de Elqui y Limar\u00ed fueron de 9,1% y 7,0%, mientras que en la conurbaci\u00f3n La Serena-Coquimbo fue de 8,9%.<\/p>\n<p>&nbsp;<\/p>\n<p>Al respecto el Seremi del Trabajo, Francisco Brizuela, coment\u00f3 que \u201csi hacemos la comparaci\u00f3n con el trimestre inmediatamente anterior hemos descendido 0,3 puntos porcentuales, lo que es una buena noticia. Sin embargo, existe esta dificultad en la provincia de Limar\u00ed que estamos atendiendo de forma integral en t\u00e9rminos de tener mayor cantidad de empleo. La inversi\u00f3n p\u00fablica es importante para ello y existe una cartera de 55 proyectos priorizados a nivel regional, particularmente en el MOP, con una inversi\u00f3n de m\u00e1s de $61 mil millones y que esperamos pueda impactar positivamente en el empleo de la regi\u00f3n\u201d.<\/p>\n<p>&nbsp;<\/p>\n<p>\u201ctambi\u00e9n queremos relevar la inversi\u00f3n privada que es otro de los desaf\u00edos que nos plante\u00f3 el presidente en su visita a la regi\u00f3n, donde hemos estado trabajando para propiciar las condiciones de inversi\u00f3n y en ese sentido es una muy buena noticia el inicio de la etapa de instalaci\u00f3n del proyecto El Espino en la provincia de Choapa donde como Gobierno asumimos el compromiso de involucrar a las agrupaciones del comercio local para que sean parte del entorno del proyecto favoreciendo la absorci\u00f3n de la mano de obra local\u201d, agreg\u00f3 el Seremi del Trabajo.<\/p>\n<p>&nbsp;<\/p>\n<p>El proyecto El Espino considera una inversi\u00f3n de 750 millones de d\u00f3lares, de los cuales ya hay 250 millones invertidos, y proyecta su puesta en marcha para finales del 2026. Se trata de una iniciativa que producir\u00e1 concentrado de cobre y que est\u00e1 aportando actualmente, en su fase de instalaci\u00f3n, con 400 puestos de trabajo, en un 75% provenientes de Illapel y Canela.<\/p>\n<p>&nbsp;<\/p>\n<p>Seg\u00fan sector econ\u00f3mico, a nivel regional el principal crecimiento de la poblaci\u00f3n ocupada se registr\u00f3 en agricultura y pesca (10,4%). Mientras que el descenso de la poblaci\u00f3n ocupada (-2,3%) se fundament\u00f3 por comercio (-8,9%), ense\u00f1anza (-11,1%) y miner\u00eda (-3,6%).<\/p>\n<p>&nbsp;<\/p>\n<p>&nbsp;<\/p>\n<p><strong>Ranking Nacional<\/strong><\/p>\n<p>De mayor a menor tasa de desocupaci\u00f3n, las regiones de Atacama (10,0%), La Araucan\u00eda (9,6%) y Metropolitana (9,3%) consignaron los primeros lugares. Coquimbo (8,7%) ocup\u00f3 el s\u00e9ptimo lugar. En tanto, las menores tasas fueron registradas por las regiones de Los Lagos (3,8%) y Ays\u00e9n (5,3%).<\/p>\n","protected":false},"excerpt":{"rendered":"<p>Gobierno apunta a la activaci\u00f3n de la inversi\u00f3n p\u00fablica y privada para dinamizar la creaci\u00f3n de nuevos puestos de trabajo en la zona. \u00a0 La Tasa de Desocupaci\u00f3n se situ\u00f3 en un 8,7% en el periodo diciembre 2023- febrero 2024, siendo este el sexto descenso consecutivo de la tasa de<\/p>\n","protected":false},"author":1,"featured_media":3359,"comment_status":"open","ping_status":"open","sticky":false,"template":"","format":"standard","meta":{"footnotes":""},"categories":[1],"tags":[],"class_list":["post-3358","post","type-post","status-publish","format-standard","has-post-thumbnail","hentry","category-noticias-regionales"],"_links":{"self":[{"href":"https:\/\/minutaregional.cl\/index.php?rest_route=\/wp\/v2\/posts\/3358","targetHints":{"allow":["GET"]}}],"collection":[{"href":"https:\/\/minutaregional.cl\/index.php?rest_route=\/wp\/v2\/posts"}],"about":[{"href":"https:\/\/minutaregional.cl\/index.php?rest_route=\/wp\/v2\/types\/post"}],"author":[{"embeddable":true,"href":"https:\/\/minutaregional.cl\/index.php?rest_route=\/wp\/v2\/users\/1"}],"replies":[{"embeddable":true,"href":"https:\/\/minutaregional.cl\/index.php?rest_route=%2Fwp%2Fv2%2Fcomments&post=3358"}],"version-history":[{"count":1,"href":"https:\/\/minutaregional.cl\/index.php?rest_route=\/wp\/v2\/posts\/3358\/revisions"}],"predecessor-version":[{"id":3360,"href":"https:\/\/minutaregional.cl\/index.php?rest_route=\/wp\/v2\/posts\/3358\/revisions\/3360"}],"wp:featuredmedia":[{"embeddable":true,"href":"https:\/\/minutaregional.cl\/index.php?rest_route=\/wp\/v2\/media\/3359"}],"wp:attachment":[{"href":"https:\/\/minutaregional.cl\/index.php?rest_route=%2Fwp%2Fv2%2Fmedia&parent=3358"}],"wp:term":[{"taxonomy":"category","embeddable":true,"href":"https:\/\/minutaregional.cl\/index.php?rest_route=%2Fwp%2Fv2%2Fcategories&post=3358"},{"taxonomy":"post_tag","embeddable":true,"href":"https:\/\/minutaregional.cl\/index.php?rest_route=%2Fwp%2Fv2%2Ftags&post=3358"}],"curies":[{"name":"wp","href":"https:\/\/api.w.org\/{rel}","templated":true}]}}