{"id":3344,"date":"2024-03-27T18:47:16","date_gmt":"2024-03-27T18:47:16","guid":{"rendered":"https:\/\/minutaregional.cl\/?p=3344"},"modified":"2024-03-27T18:47:16","modified_gmt":"2024-03-27T18:47:16","slug":"presentan-nuevo-director-de-gendarmeria-y-contingente-de-funcionarios-que-reforzaran-unidades-penales-de-la-region","status":"publish","type":"post","link":"https:\/\/minutaregional.cl\/?p=3344","title":{"rendered":"Presentan nuevo director de Gendarmer\u00eda y contingente de funcionarios que reforzar\u00e1n unidades penales de la regi\u00f3n"},"content":{"rendered":"<p><i><span data-contrast=\"auto\">Coronel Rafael Cadenas Parra, es el nombre del oficial que se har\u00e1 cargo de la instituci\u00f3n custodia, quien llega junto a 5 nuevos funcionarios de Gendarmer\u00eda de Chile.<\/span><\/i><span data-ccp-props=\"{&quot;201341983&quot;:0,&quot;335551550&quot;:6,&quot;335551620&quot;:6,&quot;335559685&quot;:0,&quot;335559739&quot;:200,&quot;335559740&quot;:240}\">\u00a0<\/span><\/p>\n<p><span data-contrast=\"auto\">El Seremi de Justicia y Derechos Humanos, Rub\u00e9n Garc\u00eda Tapia recibi\u00f3 el saludo protocolar del coronel, Rafael Cadenas, quien asumi\u00f3 recientemente como el nuevo director regional de Gendarmer\u00eda de Chile, y juntos dieron la bienvenida a 5 nuevos funcionarios uniformados que cumplir\u00e1n labores en los establecimientos penitenciarios de la regi\u00f3n de Coquimbo.<\/span><span data-ccp-props=\"{&quot;201341983&quot;:0,&quot;335551550&quot;:6,&quot;335551620&quot;:6,&quot;335559739&quot;:200,&quot;335559740&quot;:240}\">\u00a0<\/span><\/p>\n<p><span data-contrast=\"auto\">La m\u00e1xima autoridad del sector justicia quiso recalcar el compromiso del nuevo encargado de Gendarmer\u00eda de Chile, \u201ccomo Ministerio de Justicia y Derechos Humanos, damos la bienvenida al nuevo director en este importante desaf\u00edo que tiene en cuanto a potenciar y mejorar el sistema abierto y cerrado de la regi\u00f3n y de tambi\u00e9n fortalecer el trabajo intersectorial con los distintos servicios p\u00fablicos en el \u00e1mbito de la seguridad penitenciaria y de la reinserci\u00f3n social.\u201d se\u00f1al\u00f3 Garc\u00eda.<\/span><span data-ccp-props=\"{&quot;201341983&quot;:0,&quot;335551550&quot;:6,&quot;335551620&quot;:6,&quot;335559739&quot;:200,&quot;335559740&quot;:240}\">\u00a0<\/span><\/p>\n<p><span data-contrast=\"auto\">Por otra parte, el nuevo director de Gendarmer\u00eda coment\u00f3 respecto a la llegada del nuevo contingente que, \u201cpara nosotros es muy positivo poder sumar a estos uniformados, para que colaboren en el quehacer institucional, desarrollando labores que van orientadas a fortalecer la reinserci\u00f3n social de la poblaci\u00f3n penal y aumentar la seguridad de nuestros tres establecimientos penitenciarios, emplazados en Illapel, Ovalle y La Serena.\u201d finaliz\u00f3.<\/span><span data-ccp-props=\"{&quot;201341983&quot;:0,&quot;335551550&quot;:6,&quot;335551620&quot;:6,&quot;335559739&quot;:200,&quot;335559740&quot;:240}\">\u00a0<\/span><\/p>\n<p><span data-contrast=\"auto\">Los nuevos gendarmes aprovecharon la ocasi\u00f3n de efectuar consultas directas y aclarar dudas con la m\u00e1xima autoridad institucional en la regi\u00f3n, a la vez que demostraron motivaci\u00f3n por las actividades que inician de lleno a partir de ahora.<\/span><span data-ccp-props=\"{&quot;201341983&quot;:0,&quot;335551550&quot;:6,&quot;335551620&quot;:6,&quot;335559739&quot;:200,&quot;335559740&quot;:240}\">\u00a0<\/span><\/p>\n","protected":false},"excerpt":{"rendered":"<p>Coronel Rafael Cadenas Parra, es el nombre del oficial que se har\u00e1 cargo de la instituci\u00f3n custodia, quien llega junto a 5 nuevos funcionarios de Gendarmer\u00eda de Chile.\u00a0 El Seremi de Justicia y Derechos Humanos, Rub\u00e9n Garc\u00eda Tapia recibi\u00f3 el saludo protocolar del coronel, Rafael Cadenas, quien asumi\u00f3 recientemente como<\/p>\n","protected":false},"author":1,"featured_media":3345,"comment_status":"open","ping_status":"open","sticky":false,"template":"","format":"standard","meta":{"footnotes":""},"categories":[7],"tags":[],"class_list":["post-3344","post","type-post","status-publish","format-standard","has-post-thumbnail","hentry","category-serviciospublicos"],"_links":{"self":[{"href":"https:\/\/minutaregional.cl\/index.php?rest_route=\/wp\/v2\/posts\/3344","targetHints":{"allow":["GET"]}}],"collection":[{"href":"https:\/\/minutaregional.cl\/index.php?rest_route=\/wp\/v2\/posts"}],"about":[{"href":"https:\/\/minutaregional.cl\/index.php?rest_route=\/wp\/v2\/types\/post"}],"author":[{"embeddable":true,"href":"https:\/\/minutaregional.cl\/index.php?rest_route=\/wp\/v2\/users\/1"}],"replies":[{"embeddable":true,"href":"https:\/\/minutaregional.cl\/index.php?rest_route=%2Fwp%2Fv2%2Fcomments&post=3344"}],"version-history":[{"count":2,"href":"https:\/\/minutaregional.cl\/index.php?rest_route=\/wp\/v2\/posts\/3344\/revisions"}],"predecessor-version":[{"id":3347,"href":"https:\/\/minutaregional.cl\/index.php?rest_route=\/wp\/v2\/posts\/3344\/revisions\/3347"}],"wp:featuredmedia":[{"embeddable":true,"href":"https:\/\/minutaregional.cl\/index.php?rest_route=\/wp\/v2\/media\/3345"}],"wp:attachment":[{"href":"https:\/\/minutaregional.cl\/index.php?rest_route=%2Fwp%2Fv2%2Fmedia&parent=3344"}],"wp:term":[{"taxonomy":"category","embeddable":true,"href":"https:\/\/minutaregional.cl\/index.php?rest_route=%2Fwp%2Fv2%2Fcategories&post=3344"},{"taxonomy":"post_tag","embeddable":true,"href":"https:\/\/minutaregional.cl\/index.php?rest_route=%2Fwp%2Fv2%2Ftags&post=3344"}],"curies":[{"name":"wp","href":"https:\/\/api.w.org\/{rel}","templated":true}]}}