{"id":3331,"date":"2024-03-25T20:05:37","date_gmt":"2024-03-25T20:05:37","guid":{"rendered":"https:\/\/minutaregional.cl\/?p=3331"},"modified":"2024-03-25T20:05:37","modified_gmt":"2024-03-25T20:05:37","slug":"presentan-nuevo-director-regional-del-servicio-medico-legal-en-la-region-de-coquimbo","status":"publish","type":"post","link":"https:\/\/minutaregional.cl\/?p=3331","title":{"rendered":"Presentan nuevo director regional del Servicio M\u00e9dico Legal en la Regi\u00f3n de Coquimbo"},"content":{"rendered":"<ul>\n<li data-leveltext=\"\uf0b7\" data-font=\"Symbol\" data-listid=\"28\" data-list-defn-props=\"{&quot;335552541&quot;:1,&quot;335559685&quot;:720,&quot;335559991&quot;:360,&quot;469769226&quot;:&quot;Symbol&quot;,&quot;469769242&quot;:[8226],&quot;469777803&quot;:&quot;left&quot;,&quot;469777804&quot;:&quot;\uf0b7&quot;,&quot;469777815&quot;:&quot;hybridMultilevel&quot;}\" aria-setsize=\"-1\" data-aria-posinset=\"1\" data-aria-level=\"1\"><i><span data-contrast=\"auto\">Rodrigo Gonz\u00e1lez, es el nuevo nombre del profesional encargado de la instituci\u00f3n forense.\u00a0<\/span><\/i><span data-ccp-props=\"{&quot;201341983&quot;:0,&quot;335551550&quot;:6,&quot;335551620&quot;:6,&quot;335559739&quot;:200,&quot;335559740&quot;:240}\">\u00a0<\/span><\/li>\n<\/ul>\n<p><span data-contrast=\"auto\">El Seremi de Justicia y Derechos Humanos de la regi\u00f3n de Coquimbo, Rub\u00e9n Garc\u00eda recibi\u00f3 el saludo protocolar del qu\u00edmico farmac\u00e9utico, Rodrigo Gonz\u00e1lez, quien es el nuevo director regional de este servicio en la regi\u00f3n.<\/span><span data-ccp-props=\"{&quot;201341983&quot;:0,&quot;335551550&quot;:6,&quot;335551620&quot;:6,&quot;335559739&quot;:200,&quot;335559740&quot;:240}\">\u00a0<\/span><\/p>\n<p><span data-contrast=\"auto\">El profesional, que asumi\u00f3 la direcci\u00f3n regional del SML, tiene una gran experiencia en el \u00e1rea. Es magister y doctor en qu\u00edmica, licenciado en ciencias jur\u00eddicas de la Universidad Santo Tom\u00e1s, posee un diplomado de alta direcci\u00f3n p\u00fablica de la Universidad Andres Bello. Trabaj\u00f3 por 15 a\u00f1os como perito qu\u00edmico forense y encargado del laboratorio de qu\u00edmica del laboratorio de criminal\u00edstica LABOCAR Iquique. Adem\u00e1s, durante 2 a\u00f1os se desempe\u00f1\u00f3 como jefe de la unidad de medicamentos e insumos cl\u00ednicos del Hospital de Alto Hospicio.<\/span><span data-ccp-props=\"{&quot;134233117&quot;:false,&quot;134233118&quot;:false,&quot;201341983&quot;:0,&quot;335551550&quot;:6,&quot;335551620&quot;:6,&quot;335559685&quot;:0,&quot;335559737&quot;:0,&quot;335559738&quot;:0,&quot;335559739&quot;:200,&quot;335559740&quot;:240}\">\u00a0<\/span><\/p>\n<p><span data-contrast=\"auto\">La m\u00e1xima autoridad del sector justicia quiso recalcar el compromiso del nuevo encargado del SML, \u201cfelicitamos y le damos la bienvenida al nuevo director regional del Servicio M\u00e9dico Legal, quien obtuvo su cargo a trav\u00e9s del sistema de alta direcci\u00f3n p\u00fablica. Tiene grandes desaf\u00edos de coordinaci\u00f3n en el intersector, en el circuito judicial, en nuestras tres sedes provinciales, tanto en La Serena, Ovalle e Illapel, y de mejorar la atenci\u00f3n de p\u00fablico de un importante servicio y fundamental de nuestro Ministerio de Justicia y Derechos Humanos\u201d, se\u00f1al\u00f3 Garc\u00eda.<\/span><span data-ccp-props=\"{&quot;201341983&quot;:0,&quot;335551550&quot;:6,&quot;335551620&quot;:6,&quot;335559739&quot;:200,&quot;335559740&quot;:240}\">\u00a0<\/span><\/p>\n<p><span data-contrast=\"auto\">Por su parte, el nuevo director del SML coment\u00f3 respecto a su gesti\u00f3n que, \u201cel objetivo consiste b\u00e1sicamente en fortalecer la labor pericial de nuestro servicio y cada una de sus sedes, con la finalidad de permitir o entregar sustentos que permitan la toma de decisi\u00f3n para los \u00f3rganos que deben administrar justicia\u201d, manifest\u00f3 Gonz\u00e1lez agregando en relaci\u00f3n al servicio que, \u201cvisibilizar el trabajo de este gran equipo profesional de t\u00e9cnicos y administrativos que forman parte de nuestro servicio y que han dado mucho por el servicio p\u00fablico entendiendo que nuestro servicio est\u00e1 orientado hacia la comunidad principalmente y comprometido hacia el trabajo y hacia nuestra gente.\u201d finaliz\u00f3.<\/span><span data-ccp-props=\"{&quot;201341983&quot;:0,&quot;335551550&quot;:6,&quot;335551620&quot;:6,&quot;335559739&quot;:200,&quot;335559740&quot;:240}\">\u00a0<\/span><\/p>\n<p><span data-contrast=\"auto\">Recordemos que el SML de la regi\u00f3n de Coquimbo, posee una de las dependencias m\u00e1s modernas de todo el norte del pa\u00eds.<\/span><span data-ccp-props=\"{&quot;201341983&quot;:0,&quot;335551550&quot;:6,&quot;335551620&quot;:6,&quot;335559739&quot;:200,&quot;335559740&quot;:240}\">\u00a0<\/span><\/p>\n","protected":false},"excerpt":{"rendered":"<p>Rodrigo Gonz\u00e1lez, es el nuevo nombre del profesional encargado de la instituci\u00f3n forense.\u00a0\u00a0 El Seremi de Justicia y Derechos Humanos de la regi\u00f3n de Coquimbo, Rub\u00e9n Garc\u00eda recibi\u00f3 el saludo protocolar del qu\u00edmico farmac\u00e9utico, Rodrigo Gonz\u00e1lez, quien es el nuevo director regional de este servicio en la regi\u00f3n.\u00a0 El profesional,<\/p>\n","protected":false},"author":1,"featured_media":3332,"comment_status":"open","ping_status":"open","sticky":false,"template":"","format":"standard","meta":{"footnotes":""},"categories":[7],"tags":[],"class_list":["post-3331","post","type-post","status-publish","format-standard","has-post-thumbnail","hentry","category-serviciospublicos"],"_links":{"self":[{"href":"https:\/\/minutaregional.cl\/index.php?rest_route=\/wp\/v2\/posts\/3331","targetHints":{"allow":["GET"]}}],"collection":[{"href":"https:\/\/minutaregional.cl\/index.php?rest_route=\/wp\/v2\/posts"}],"about":[{"href":"https:\/\/minutaregional.cl\/index.php?rest_route=\/wp\/v2\/types\/post"}],"author":[{"embeddable":true,"href":"https:\/\/minutaregional.cl\/index.php?rest_route=\/wp\/v2\/users\/1"}],"replies":[{"embeddable":true,"href":"https:\/\/minutaregional.cl\/index.php?rest_route=%2Fwp%2Fv2%2Fcomments&post=3331"}],"version-history":[{"count":1,"href":"https:\/\/minutaregional.cl\/index.php?rest_route=\/wp\/v2\/posts\/3331\/revisions"}],"predecessor-version":[{"id":3333,"href":"https:\/\/minutaregional.cl\/index.php?rest_route=\/wp\/v2\/posts\/3331\/revisions\/3333"}],"wp:featuredmedia":[{"embeddable":true,"href":"https:\/\/minutaregional.cl\/index.php?rest_route=\/wp\/v2\/media\/3332"}],"wp:attachment":[{"href":"https:\/\/minutaregional.cl\/index.php?rest_route=%2Fwp%2Fv2%2Fmedia&parent=3331"}],"wp:term":[{"taxonomy":"category","embeddable":true,"href":"https:\/\/minutaregional.cl\/index.php?rest_route=%2Fwp%2Fv2%2Fcategories&post=3331"},{"taxonomy":"post_tag","embeddable":true,"href":"https:\/\/minutaregional.cl\/index.php?rest_route=%2Fwp%2Fv2%2Ftags&post=3331"}],"curies":[{"name":"wp","href":"https:\/\/api.w.org\/{rel}","templated":true}]}}