{"id":3324,"date":"2024-03-22T19:20:56","date_gmt":"2024-03-22T19:20:56","guid":{"rendered":"https:\/\/minutaregional.cl\/?p=3324"},"modified":"2024-03-22T19:20:56","modified_gmt":"2024-03-22T19:20:56","slug":"en-una-mejorada-sede-del-srj-coquimbo-se-realizo-la-tercera-sesion-del-comite-operativo-regional","status":"publish","type":"post","link":"https:\/\/minutaregional.cl\/?p=3324","title":{"rendered":"En una mejorada sede del SRJ Coquimbo se realiz\u00f3 la tercera sesi\u00f3n del comit\u00e9 operativo regional"},"content":{"rendered":"<p>El develamiento de la placa institucional marc\u00f3 la entrega de los trabajos de mejoramiento de la Direcci\u00f3n Regional Coquimbo del Servicio de Reinserci\u00f3n Social Juvenil, donde posteriormente sesion\u00f3 el comit\u00e9 operativo regional liderado por el seremi de Justicia y DD.HH, Rub\u00e9n Garc\u00eda.<\/p>\n<p>En una significativa ceremonia y en presencia de autoridades, funcionarias, funcionarios y representantes de las asociaciones gremiales, se entregaron los trabajos de mejoramiento de las dependencias de la Direcci\u00f3n Regional Coquimbo del Servicio Nacional de Reinserci\u00f3n Social Juvenil.<\/p>\n<p>El inmueble, que el a\u00f1o 2017 fue entregado a Sename por el Ministerio de Bienes Nacionales, fue sometido durante los \u00faltimos meses a una serie de arreglos consistentes en pintura, recambio de servicios sanitarios, luminarias, habilitaci\u00f3n de puntos de red y mantenci\u00f3n de pisos de madera, para albergar a la nueva institucionalidad.<\/p>\n<p>La directora del SRJ Coquimbo, Loreto Rebolledo, destac\u00f3 que el inmueble brindar\u00e1 un espacio de trabajo m\u00e1s digno a las y los funcionarios, as\u00ed como al p\u00fablico que se atiende diariamente. \u201cSeguiremos trabajando donde antes estuvo Sename, pero con m\u00e1s y mejores herramientas, para desempe\u00f1ar con m\u00e1s fuerza que nunca la labor especializada de atenci\u00f3n e intervenci\u00f3n, a trav\u00e9s de diversas innovaciones y l\u00edneas estrat\u00e9gicas\u201d, se\u00f1al\u00f3 la autoridad regional.<\/p>\n<p>Tercer comit\u00e9 operativo regional<\/p>\n<p>Tras la develaci\u00f3n de la placa se dio inicio a la tercera sesi\u00f3n del comit\u00e9 operativo regional (COR), presidido por el seremi de Justicia y Derechos Humanos, Rub\u00e9n Garc\u00eda. En la instancia, se present\u00f3 el estado de avance del diagn\u00f3stico intersectorial regional, as\u00ed como la caracterizaci\u00f3n de adolescentes y j\u00f3venes que est\u00e1n siendo atendidos por el SRJ Coquimbo, que al 15 de marzo sumaban 275.<\/p>\n<p>Por su parte, cada uno de los integrantes del COR expuso sobre la oferta intersectorial disponible. \u201cEl principio de coordinaci\u00f3n entre los servicios p\u00fablicos del Estado est\u00e1 plasmado en este comit\u00e9 operativo regional, que permite entrelazar y disponer la oferta p\u00fablica en pos de la reinserci\u00f3n social de los adolescentes y j\u00f3venes que han infringido la ley en nuestra regi\u00f3n\u201d, declar\u00f3 el seremi Garc\u00eda.<\/p>\n<p>Los comit\u00e9s operativos regionales son los encargados de desarrollar planes de acci\u00f3n en cada territorio, para promover procesos de reinserci\u00f3n social juvenil efectivos y especializados. Deben trabajar permanentemente de forma intersectorial y en coherencia con la Pol\u00edtica Nacional de Reinserci\u00f3n Social Juvenil y su respectivo plan de acci\u00f3n nacional, que es de car\u00e1cter vinculante.<\/p>\n<p>A nivel regional, est\u00e1 conformado por ley por los representantes de las subsecretar\u00edas de Derechos Humanos, Redes Asistenciales, Salud P\u00fablica, Educaci\u00f3n, Ni\u00f1ez y Prevenci\u00f3n del Delito; Servicio Nacional para la Prevenci\u00f3n y Rehabilitaci\u00f3n del Consumo de Drogas y Alcohol, Servicio Nacional de Capacitaci\u00f3n y Empleo, Instituto Nacional del Deporte y Gendarmer\u00eda de Chile, as\u00ed como por los municipios de la regi\u00f3n.<\/p>\n","protected":false},"excerpt":{"rendered":"<p>El develamiento de la placa institucional marc\u00f3 la entrega de los trabajos de mejoramiento de la Direcci\u00f3n Regional Coquimbo del Servicio de Reinserci\u00f3n Social Juvenil, donde posteriormente sesion\u00f3 el comit\u00e9 operativo regional liderado por el seremi de Justicia y DD.HH, Rub\u00e9n Garc\u00eda. En una significativa ceremonia y en presencia de<\/p>\n","protected":false},"author":1,"featured_media":3325,"comment_status":"open","ping_status":"open","sticky":false,"template":"","format":"standard","meta":{"footnotes":""},"categories":[7],"tags":[],"class_list":["post-3324","post","type-post","status-publish","format-standard","has-post-thumbnail","hentry","category-serviciospublicos"],"_links":{"self":[{"href":"https:\/\/minutaregional.cl\/index.php?rest_route=\/wp\/v2\/posts\/3324","targetHints":{"allow":["GET"]}}],"collection":[{"href":"https:\/\/minutaregional.cl\/index.php?rest_route=\/wp\/v2\/posts"}],"about":[{"href":"https:\/\/minutaregional.cl\/index.php?rest_route=\/wp\/v2\/types\/post"}],"author":[{"embeddable":true,"href":"https:\/\/minutaregional.cl\/index.php?rest_route=\/wp\/v2\/users\/1"}],"replies":[{"embeddable":true,"href":"https:\/\/minutaregional.cl\/index.php?rest_route=%2Fwp%2Fv2%2Fcomments&post=3324"}],"version-history":[{"count":1,"href":"https:\/\/minutaregional.cl\/index.php?rest_route=\/wp\/v2\/posts\/3324\/revisions"}],"predecessor-version":[{"id":3327,"href":"https:\/\/minutaregional.cl\/index.php?rest_route=\/wp\/v2\/posts\/3324\/revisions\/3327"}],"wp:featuredmedia":[{"embeddable":true,"href":"https:\/\/minutaregional.cl\/index.php?rest_route=\/wp\/v2\/media\/3325"}],"wp:attachment":[{"href":"https:\/\/minutaregional.cl\/index.php?rest_route=%2Fwp%2Fv2%2Fmedia&parent=3324"}],"wp:term":[{"taxonomy":"category","embeddable":true,"href":"https:\/\/minutaregional.cl\/index.php?rest_route=%2Fwp%2Fv2%2Fcategories&post=3324"},{"taxonomy":"post_tag","embeddable":true,"href":"https:\/\/minutaregional.cl\/index.php?rest_route=%2Fwp%2Fv2%2Ftags&post=3324"}],"curies":[{"name":"wp","href":"https:\/\/api.w.org\/{rel}","templated":true}]}}