{"id":3321,"date":"2024-03-22T19:02:23","date_gmt":"2024-03-22T19:02:23","guid":{"rendered":"https:\/\/minutaregional.cl\/?p=3321"},"modified":"2024-03-22T19:02:23","modified_gmt":"2024-03-22T19:02:23","slug":"gobierno-lanza-curso-virtual-sobre-derechos-del-pueblo-tribal-afrodescendiente-chileno","status":"publish","type":"post","link":"https:\/\/minutaregional.cl\/?p=3321","title":{"rendered":"Gobierno lanza curso virtual sobre \u00abDerechos del Pueblo Tribal Afrodescendiente Chileno\u201d"},"content":{"rendered":"<ul>\n<li data-leveltext=\"\uf0b7\" data-font=\"Symbol\" data-listid=\"29\" data-list-defn-props=\"{&quot;335552541&quot;:1,&quot;335559683&quot;:0,&quot;335559684&quot;:-2,&quot;335559685&quot;:720,&quot;335559991&quot;:360,&quot;469769226&quot;:&quot;Symbol&quot;,&quot;469769242&quot;:[8226],&quot;469777803&quot;:&quot;left&quot;,&quot;469777804&quot;:&quot;\uf0b7&quot;,&quot;469777815&quot;:&quot;hybridMultilevel&quot;}\" aria-setsize=\"-1\" data-aria-posinset=\"1\" data-aria-level=\"1\"><i><span data-contrast=\"auto\">En el marco del D\u00eda Internacional de la Eliminaci\u00f3n de la Discriminaci\u00f3n Racial, la Subsecretar\u00eda de Derechos Humanos fortalece su compromiso con la promoci\u00f3n de los derechos humanos y la presentaci\u00f3n del curso virtual sobre \u201cDerechos del Pueblo Tribal Afrodescendiente Chileno\u201d. \u00a0<\/span><\/i><span data-ccp-props=\"{&quot;201341983&quot;:0,&quot;335551550&quot;:6,&quot;335551620&quot;:6,&quot;335559739&quot;:200,&quot;335559740&quot;:240}\">\u00a0<\/span><\/li>\n<\/ul>\n<p><span data-contrast=\"auto\">La ma\u00f1ana de este jueves se realiz\u00f3 el lanzamiento del curso de formaci\u00f3n en derechos humanos \u201cDerechos del Pueblo Tribal Afrodescendiente Chileno\u201d, el cual corresponde a la primera pol\u00edtica p\u00fablica de la administraci\u00f3n del presidente Gabriel Boric en la materia, y que busca promocionar los derechos humanos de este grupo de especial protecci\u00f3n.\u00a0 \u00a0<\/span><span data-ccp-props=\"{&quot;201341983&quot;:0,&quot;335551550&quot;:6,&quot;335551620&quot;:6,&quot;335559739&quot;:200,&quot;335559740&quot;:240}\">\u00a0<\/span><\/p>\n<p><span data-contrast=\"auto\">La actividad estuvo encabezada por el Ministerio de Justicia y Derechos Humanos, y cont\u00f3 con la participaci\u00f3n de diversas autoridades de Gobierno, entre ellas el ministro secretario general de la Presidencia, \u00c1lvaro Elizalde, la ministra de Desarrollo Social y Familia, Javiera Toro, el subsecretario de Derechos Humanos, Xavier Altamirano, los diputados Vlado Mirosevic y Luis Malla, la directora del Observatorio de Participaci\u00f3n y No Discriminaci\u00f3n, Carmen Luz Morales, representantes del Pueblo Tribal Afrodescendiente, entre otros.\u00a0 \u00a0<\/span><span data-ccp-props=\"{&quot;201341983&quot;:0,&quot;335551550&quot;:6,&quot;335551620&quot;:6,&quot;335559739&quot;:200,&quot;335559740&quot;:240}\">\u00a0<\/span><\/p>\n<p><span data-contrast=\"auto\">En la oportunidad y representando a la regi\u00f3n de Coquimbo, estuvo presente <\/span><b><span data-contrast=\"auto\">el Seremi de Justicia y Derechos Humanos, Rub\u00e9n Garc\u00eda Tapia,<\/span><\/b><span data-contrast=\"auto\"> quien se\u00f1al\u00f3 respecto a la actividad que, \u201ceste es un reconocimiento del Estado de Chile a la importancia del pueblo tribal afrodescendiente chileno y, es tarea nuestra promover su historia, su cosmovisi\u00f3n y sus derechos a trav\u00e9s de la educaci\u00f3n. Desde la regi\u00f3n de Coquimbo valoramos la importancia de esta formaci\u00f3n, dado que existe presencia de este pueblo en localidades como Cerrillos de Tamaya, en Barraza y tambi\u00e9n en Ovalle y que de esta manera la ciudadan\u00eda conozca cu\u00e1les son los or\u00edgenes de la formaci\u00f3n de la naci\u00f3n chilena\u201d. \u00a0<\/span><span data-ccp-props=\"{&quot;201341983&quot;:0,&quot;335551550&quot;:6,&quot;335551620&quot;:6,&quot;335559739&quot;:200,&quot;335559740&quot;:240}\">\u00a0<\/span><\/p>\n<p><span data-contrast=\"auto\">La iniciativa fue desarrollada en conjunto con la ciudadan\u00eda a trav\u00e9s de la Comisi\u00f3n de Educaci\u00f3n del Pueblo Tribal Afrodescendiente Chileno. \u00a0<\/span><span data-ccp-props=\"{&quot;201341983&quot;:0,&quot;335551550&quot;:6,&quot;335551620&quot;:6,&quot;335559739&quot;:200,&quot;335559740&quot;:240}\">\u00a0<\/span><\/p>\n<p><span data-contrast=\"auto\">El curso virtual ya est\u00e1 disponible en su versi\u00f3n ciudadana a trav\u00e9s del sitio web de la Subsecretar\u00eda y, a partir del mayo 2024, estar\u00e1 habilitada su versi\u00f3n para personas funcionarias p\u00fablicas con el fin de contribuir al reconocimiento del pueblo, su cultura y cosmovisi\u00f3n, adem\u00e1s de capacitar a funcionarias y funcionarios p\u00fablicos para ser los primeros promotores del respeto a los derechos humanos.<\/span><span data-ccp-props=\"{&quot;201341983&quot;:0,&quot;335551550&quot;:6,&quot;335551620&quot;:6,&quot;335559739&quot;:200,&quot;335559740&quot;:240}\">\u00a0<\/span><\/p>\n","protected":false},"excerpt":{"rendered":"<p>En el marco del D\u00eda Internacional de la Eliminaci\u00f3n de la Discriminaci\u00f3n Racial, la Subsecretar\u00eda de Derechos Humanos fortalece su compromiso con la promoci\u00f3n de los derechos humanos y la presentaci\u00f3n del curso virtual sobre \u201cDerechos del Pueblo Tribal Afrodescendiente Chileno\u201d. \u00a0\u00a0 La ma\u00f1ana de este jueves se realiz\u00f3 el<\/p>\n","protected":false},"author":1,"featured_media":3322,"comment_status":"open","ping_status":"open","sticky":false,"template":"","format":"standard","meta":{"footnotes":""},"categories":[7],"tags":[],"class_list":["post-3321","post","type-post","status-publish","format-standard","has-post-thumbnail","hentry","category-serviciospublicos"],"_links":{"self":[{"href":"https:\/\/minutaregional.cl\/index.php?rest_route=\/wp\/v2\/posts\/3321","targetHints":{"allow":["GET"]}}],"collection":[{"href":"https:\/\/minutaregional.cl\/index.php?rest_route=\/wp\/v2\/posts"}],"about":[{"href":"https:\/\/minutaregional.cl\/index.php?rest_route=\/wp\/v2\/types\/post"}],"author":[{"embeddable":true,"href":"https:\/\/minutaregional.cl\/index.php?rest_route=\/wp\/v2\/users\/1"}],"replies":[{"embeddable":true,"href":"https:\/\/minutaregional.cl\/index.php?rest_route=%2Fwp%2Fv2%2Fcomments&post=3321"}],"version-history":[{"count":1,"href":"https:\/\/minutaregional.cl\/index.php?rest_route=\/wp\/v2\/posts\/3321\/revisions"}],"predecessor-version":[{"id":3323,"href":"https:\/\/minutaregional.cl\/index.php?rest_route=\/wp\/v2\/posts\/3321\/revisions\/3323"}],"wp:featuredmedia":[{"embeddable":true,"href":"https:\/\/minutaregional.cl\/index.php?rest_route=\/wp\/v2\/media\/3322"}],"wp:attachment":[{"href":"https:\/\/minutaregional.cl\/index.php?rest_route=%2Fwp%2Fv2%2Fmedia&parent=3321"}],"wp:term":[{"taxonomy":"category","embeddable":true,"href":"https:\/\/minutaregional.cl\/index.php?rest_route=%2Fwp%2Fv2%2Fcategories&post=3321"},{"taxonomy":"post_tag","embeddable":true,"href":"https:\/\/minutaregional.cl\/index.php?rest_route=%2Fwp%2Fv2%2Ftags&post=3321"}],"curies":[{"name":"wp","href":"https:\/\/api.w.org\/{rel}","templated":true}]}}