{"id":3315,"date":"2024-03-22T15:04:30","date_gmt":"2024-03-22T15:04:30","guid":{"rendered":"https:\/\/minutaregional.cl\/?p=3315"},"modified":"2024-03-22T15:04:30","modified_gmt":"2024-03-22T15:04:30","slug":"destacan-labor-de-funcionaria-del-registro-civil-de-canela-en-el-dia-de-la-mujer","status":"publish","type":"post","link":"https:\/\/minutaregional.cl\/?p=3315","title":{"rendered":"Destacan labor de funcionaria del Registro Civil de Canela en el d\u00eda de la mujer"},"content":{"rendered":"<ul>\n<li data-leveltext=\"\uf0b7\" data-font=\"Symbol\" data-listid=\"15\" data-list-defn-props=\"{&quot;335552541&quot;:1,&quot;335559685&quot;:720,&quot;335559991&quot;:360,&quot;469769226&quot;:&quot;Symbol&quot;,&quot;469769242&quot;:[8226],&quot;469777803&quot;:&quot;left&quot;,&quot;469777804&quot;:&quot;\uf0b7&quot;,&quot;469777815&quot;:&quot;hybridMultilevel&quot;}\" aria-setsize=\"-1\" data-aria-posinset=\"1\" data-aria-level=\"1\"><i><span data-contrast=\"auto\">Se trata de Nancy Cort\u00e9s, oficial civil de la instituci\u00f3n, quien por m\u00e1s de 35 a\u00f1os en el servicio se ha destacado por su compromiso con las usuarias y usuarios canelinos.<\/span><\/i><span data-ccp-props=\"{&quot;134233117&quot;:false,&quot;134233118&quot;:false,&quot;201341983&quot;:0,&quot;335551550&quot;:6,&quot;335551620&quot;:6,&quot;335559685&quot;:720,&quot;335559737&quot;:0,&quot;335559738&quot;:0,&quot;335559739&quot;:0,&quot;335559740&quot;:259,&quot;335559991&quot;:360}\">\u00a0<\/span><\/li>\n<\/ul>\n<p><span data-contrast=\"auto\">En el marco del d\u00eda de la mujer, Nancy Cort\u00e9s Castillo funcionaria del Registro Civil e Identificaci\u00f3n de Canela, fue reconocida por la municipalidad de la comuna de canela, por su aporte a la comunidad durante los 35 a\u00f1os que lleva como servidora p\u00fablica.<\/span><span data-ccp-props=\"{&quot;134233117&quot;:false,&quot;134233118&quot;:false,&quot;201341983&quot;:0,&quot;335551550&quot;:6,&quot;335551620&quot;:6,&quot;335559685&quot;:0,&quot;335559737&quot;:0,&quot;335559738&quot;:0,&quot;335559739&quot;:0,&quot;335559740&quot;:259}\">\u00a0<\/span><span data-ccp-props=\"{&quot;134233117&quot;:false,&quot;134233118&quot;:false,&quot;201341983&quot;:0,&quot;335551550&quot;:6,&quot;335551620&quot;:6,&quot;335559685&quot;:0,&quot;335559737&quot;:0,&quot;335559738&quot;:0,&quot;335559739&quot;:0,&quot;335559740&quot;:259}\">\u00a0<\/span><\/p>\n<p><span data-contrast=\"auto\">\u201cEn el D\u00eda de la Mujer, fui reconocida con un premio, el cual me sent\u00ed muy feliz, muy alegre, y eso mismo me lleva a contar un poquito de mi historia. Tengo 35 a\u00f1os de servicio, soy felizmente casada con Gabriel Collao, donde mantenemos un grupo familiar de 5 integrantes, mi esposo, mis hijas gemelas y mi perrito Aquiles, que es parte de nuestra familia\u201d, <\/span><b><span data-contrast=\"auto\">indic\u00f3 la galardonada funcionaria<\/span><\/b><span data-contrast=\"auto\">.<\/span><\/p>\n<p><span data-contrast=\"auto\">En ese contexto, <\/span><b><span data-contrast=\"auto\">Rub\u00e9n Garc\u00eda, seremi de Justicia y Derechos Humanos de Coquimbo <\/span><\/b><span data-contrast=\"auto\">se\u00f1al\u00f3 que, \u201cEn el marco del Mes de la Mujer, agradecemos y felicitamos a la funcionaria Nancy Cort\u00e9s, funcionaria del Registro Civil e Identificaci\u00f3n en la Comuna de Canela, por el trabajo realizado por estos m\u00e1s de 30 a\u00f1os de trayectoria en nuestro servicio que cumple para con nosotros, con el Ministerio de Justicia y Derechos Humanos y tambi\u00e9n con la Comunidad de Canela\u201d.<\/span><\/p>\n<p><b><span data-contrast=\"auto\">Para la directora regional (s) del Registro Civil e Identificaci\u00f3n, Daniela Jacob<\/span><\/b><span data-contrast=\"auto\">, la destacada funcionaria representa los valores de la instituci\u00f3n, \u201cLa verdad que es un orgullo que funcionarios de trayectoria de nuestros servicios sean reconocidos por otras entidades, pero sobre todo por la comunidad, por la labor diaria y el impacto que generan, donde Nancy sin duda es el reflejo de muchas mujeres que dan vida d\u00eda a d\u00eda al registro civil.\u201d.<\/span><\/p>\n<p><b><span data-contrast=\"auto\">Finalmente, Cort\u00e9s Castillo agreg\u00f3 que,<\/span><\/b><span data-contrast=\"auto\"> \u201ctrato de ser una persona responsable, con principio, siempre sirviendo a la comunidad, apegada a las normas del servicio, entregando todo lo que yo m\u00e1s pueda, busc\u00e1ndole la soluci\u00f3n y tratando de entender en algunas ocasiones lo que el p\u00fablico necesita porque la mayor parte de mi p\u00fablico es de la parte rural y a veces les cuesta explicarse y ah\u00ed uno tiene que estar pendiente de qu\u00e9 es lo que realmente ellos necesitan para poder darle soluci\u00f3n a sus casos\u201d.<\/span><\/p>\n","protected":false},"excerpt":{"rendered":"<p>Se trata de Nancy Cort\u00e9s, oficial civil de la instituci\u00f3n, quien por m\u00e1s de 35 a\u00f1os en el servicio se ha destacado por su compromiso con las usuarias y usuarios canelinos.\u00a0 En el marco del d\u00eda de la mujer, Nancy Cort\u00e9s Castillo funcionaria del Registro Civil e Identificaci\u00f3n de Canela,<\/p>\n","protected":false},"author":1,"featured_media":3316,"comment_status":"open","ping_status":"open","sticky":false,"template":"","format":"standard","meta":{"footnotes":""},"categories":[1,7],"tags":[],"class_list":["post-3315","post","type-post","status-publish","format-standard","has-post-thumbnail","hentry","category-noticias-regionales","category-serviciospublicos"],"_links":{"self":[{"href":"https:\/\/minutaregional.cl\/index.php?rest_route=\/wp\/v2\/posts\/3315","targetHints":{"allow":["GET"]}}],"collection":[{"href":"https:\/\/minutaregional.cl\/index.php?rest_route=\/wp\/v2\/posts"}],"about":[{"href":"https:\/\/minutaregional.cl\/index.php?rest_route=\/wp\/v2\/types\/post"}],"author":[{"embeddable":true,"href":"https:\/\/minutaregional.cl\/index.php?rest_route=\/wp\/v2\/users\/1"}],"replies":[{"embeddable":true,"href":"https:\/\/minutaregional.cl\/index.php?rest_route=%2Fwp%2Fv2%2Fcomments&post=3315"}],"version-history":[{"count":1,"href":"https:\/\/minutaregional.cl\/index.php?rest_route=\/wp\/v2\/posts\/3315\/revisions"}],"predecessor-version":[{"id":3317,"href":"https:\/\/minutaregional.cl\/index.php?rest_route=\/wp\/v2\/posts\/3315\/revisions\/3317"}],"wp:featuredmedia":[{"embeddable":true,"href":"https:\/\/minutaregional.cl\/index.php?rest_route=\/wp\/v2\/media\/3316"}],"wp:attachment":[{"href":"https:\/\/minutaregional.cl\/index.php?rest_route=%2Fwp%2Fv2%2Fmedia&parent=3315"}],"wp:term":[{"taxonomy":"category","embeddable":true,"href":"https:\/\/minutaregional.cl\/index.php?rest_route=%2Fwp%2Fv2%2Fcategories&post=3315"},{"taxonomy":"post_tag","embeddable":true,"href":"https:\/\/minutaregional.cl\/index.php?rest_route=%2Fwp%2Fv2%2Ftags&post=3315"}],"curies":[{"name":"wp","href":"https:\/\/api.w.org\/{rel}","templated":true}]}}